{"id":3435,"date":"2019-04-02T06:02:39","date_gmt":"2019-04-02T06:02:39","guid":{"rendered":"http:\/\/radiokfor.com\/2\/?p=3435"},"modified":"2019-04-02T06:02:39","modified_gmt":"2019-04-02T06:02:39","slug":"medunarodni-dan-decije-knjige-poseta-biblioteci-vuk-karadzic","status":"publish","type":"post","link":"https:\/\/radiokfor.com\/2\/medunarodni-dan-decije-knjige-poseta-biblioteci-vuk-karadzic\/","title":{"rendered":"Me\u0111unarodni dan de\u010dije knjige, poseta biblioteci  &#8220;Vuk Karad\u017ei\u0107&#8221;"},"content":{"rendered":"<p>Me\u0111unarodni dan de\u010dije knjige u celom svetu se obele\u017eava ve\u0107 pola veka u spomen na ro\u0111enje pisca Hansa Kristijana Andersena, a sa ciljem da se promovi\u0161e de\u010dja knji\u017eevnost i \u010ditanje, da se skrene pa\u017enja javnosti na potrebe najmla\u0111ih \u010ditalaca i uka\u017ee na va\u017enost razvijanja ljubavi prema knjizi.<\/p>\n<p>Povodom obele\u017eavanja Svetskog dana de\u010dje knjige (2. april), mali\u0161ani pred\u0161kolske ustanove &#8220;Danica Jaramaz&#8221; poseti\u0107e Gradsku biblioteku &#8220;Vuk Karad\u017ei\u0107&#8221; u severnom delu Mitrovice.<\/p>\n<p>Organizovana poseta mali\u0161ana biblioteci planirana je za danas (02.04) i sutra (03.04), od 10-11h, uz pratnju vaspita\u010da i direktorice PU &#8220;Danica Jaramaz&#8221;.<\/p>\n","protected":false},"excerpt":{"rendered":"<p>Me\u0111unarodni dan de\u010dije knjige u celom svetu se obele\u017eava ve\u0107 pola veka u spomen na ro\u0111enje pisca Hansa Kristijana Andersena, a sa ciljem da se promovi\u0161e de\u010dja knji\u017eevnost i \u010ditanje, da se skrene pa\u017enja javnosti na potrebe najmla\u0111ih \u010ditalaca i uka\u017ee na va\u017enost razvijanja ljubavi prema knjizi. Povodom obele\u017eavanja Svetskog dana de\u010dje knjige (2. april),&hellip;<\/p>\n","protected":false},"author":2,"featured_media":1646,"comment_status":"closed","ping_status":"closed","sticky":false,"template":"","format":"standard","meta":{"footnotes":""},"categories":[2],"tags":[647,20],"class_list":["post-3435","post","type-post","status-publish","format-standard","has-post-thumbnail","hentry","category-news","tag-medunarodni-dan-decije-knjige","tag-severna-mitrovica","category-2","description-off"],"_links":{"self":[{"href":"https:\/\/radiokfor.com\/2\/wp-json\/wp\/v2\/posts\/3435","targetHints":{"allow":["GET"]}}],"collection":[{"href":"https:\/\/radiokfor.com\/2\/wp-json\/wp\/v2\/posts"}],"about":[{"href":"https:\/\/radiokfor.com\/2\/wp-json\/wp\/v2\/types\/post"}],"author":[{"embeddable":true,"href":"https:\/\/radiokfor.com\/2\/wp-json\/wp\/v2\/users\/2"}],"replies":[{"embeddable":true,"href":"https:\/\/radiokfor.com\/2\/wp-json\/wp\/v2\/comments?post=3435"}],"version-history":[{"count":1,"href":"https:\/\/radiokfor.com\/2\/wp-json\/wp\/v2\/posts\/3435\/revisions"}],"predecessor-version":[{"id":3437,"href":"https:\/\/radiokfor.com\/2\/wp-json\/wp\/v2\/posts\/3435\/revisions\/3437"}],"wp:featuredmedia":[{"embeddable":true,"href":"https:\/\/radiokfor.com\/2\/wp-json\/wp\/v2\/media\/1646"}],"wp:attachment":[{"href":"https:\/\/radiokfor.com\/2\/wp-json\/wp\/v2\/media?parent=3435"}],"wp:term":[{"taxonomy":"category","embeddable":true,"href":"https:\/\/radiokfor.com\/2\/wp-json\/wp\/v2\/categories?post=3435"},{"taxonomy":"post_tag","embeddable":true,"href":"https:\/\/radiokfor.com\/2\/wp-json\/wp\/v2\/tags?post=3435"}],"curies":[{"name":"wp","href":"https:\/\/api.w.org\/{rel}","templated":true}]}}