{"id":3384,"date":"2019-03-28T06:53:33","date_gmt":"2019-03-28T06:53:33","guid":{"rendered":"http:\/\/radiokfor.com\/2\/?p=3384"},"modified":"2019-03-28T08:41:11","modified_gmt":"2019-03-28T08:41:11","slug":"63-godine-postojanja-os-branko-radicevic","status":"publish","type":"post","link":"https:\/\/radiokfor.com\/2\/63-godine-postojanja-os-branko-radicevic\/","title":{"rendered":"63 godine postojanja O\u0160 \u201eBranko Radi\u010devi\u0107\u201d"},"content":{"rendered":"<p>Prigodnim programom u petak, 29. marta\u00a0 u Severnoj Mitrovici bi\u0107e obele\u017eene 63 godine prosvetnog rada osnovne \u0161kole koja nosi ime slavnog srpskog pesnika Branka Radi\u010devi\u0107a.<\/p>\n<p>Proslava Dana \u0161kole po\u010de\u0107e u 10 \u010dasova otvaranjem izlo\u017ebe likovnih radova u\u010denika ove \u0161kole, nakon koje \u0107e uslediti i kviz znanja. Bogat kulturno-umetni\u010dki program, koji su pripremili u\u010denici sa svojim u\u010diteljima i nastavnicima, zakazan je za 17 \u010dasova u Mitrova\u010dkom dvoru.<\/p>\n<p>Za vi\u0161e od 6 decenija rada u\u010denici O\u0160 \u201eBranko Radi\u010devi\u0107&#8221; postizali su zna\u010dajne rezultate i osvajali brojna priznanja na svim takmi\u010denjima. Koliko se va\u017enosti pridaje kvalitetu nastave najbolje pokazuje podatak da preko 90 odsto osmaka uspe da upi\u0161e srednju \u0161kolu po prvoj \u017eeli.<\/p>\n<p>Osnovna \u0161kola \u201eBranko Radi\u010devi\u0107\u201d kao obrazovna institucija osnovana je\u00a0davne 1920. godine, a danas broji oko 600\u00a0\u0111aka.<\/p>\n","protected":false},"excerpt":{"rendered":"<p>Prigodnim programom u petak, 29. marta\u00a0 u Severnoj Mitrovici bi\u0107e obele\u017eene 63 godine prosvetnog rada osnovne \u0161kole koja nosi ime slavnog srpskog pesnika Branka Radi\u010devi\u0107a. Proslava Dana \u0161kole po\u010de\u0107e u 10 \u010dasova otvaranjem izlo\u017ebe likovnih radova u\u010denika ove \u0161kole, nakon koje \u0107e uslediti i kviz znanja. Bogat kulturno-umetni\u010dki program, koji su pripremili u\u010denici sa svojim&hellip;<\/p>\n","protected":false},"author":2,"featured_media":3386,"comment_status":"closed","ping_status":"closed","sticky":false,"template":"","format":"standard","meta":{"footnotes":""},"categories":[2],"tags":[],"class_list":["post-3384","post","type-post","status-publish","format-standard","has-post-thumbnail","hentry","category-news","category-2","description-off"],"_links":{"self":[{"href":"https:\/\/radiokfor.com\/2\/wp-json\/wp\/v2\/posts\/3384","targetHints":{"allow":["GET"]}}],"collection":[{"href":"https:\/\/radiokfor.com\/2\/wp-json\/wp\/v2\/posts"}],"about":[{"href":"https:\/\/radiokfor.com\/2\/wp-json\/wp\/v2\/types\/post"}],"author":[{"embeddable":true,"href":"https:\/\/radiokfor.com\/2\/wp-json\/wp\/v2\/users\/2"}],"replies":[{"embeddable":true,"href":"https:\/\/radiokfor.com\/2\/wp-json\/wp\/v2\/comments?post=3384"}],"version-history":[{"count":2,"href":"https:\/\/radiokfor.com\/2\/wp-json\/wp\/v2\/posts\/3384\/revisions"}],"predecessor-version":[{"id":3394,"href":"https:\/\/radiokfor.com\/2\/wp-json\/wp\/v2\/posts\/3384\/revisions\/3394"}],"wp:featuredmedia":[{"embeddable":true,"href":"https:\/\/radiokfor.com\/2\/wp-json\/wp\/v2\/media\/3386"}],"wp:attachment":[{"href":"https:\/\/radiokfor.com\/2\/wp-json\/wp\/v2\/media?parent=3384"}],"wp:term":[{"taxonomy":"category","embeddable":true,"href":"https:\/\/radiokfor.com\/2\/wp-json\/wp\/v2\/categories?post=3384"},{"taxonomy":"post_tag","embeddable":true,"href":"https:\/\/radiokfor.com\/2\/wp-json\/wp\/v2\/tags?post=3384"}],"curies":[{"name":"wp","href":"https:\/\/api.w.org\/{rel}","templated":true}]}}