{"id":3342,"date":"2019-03-22T08:05:29","date_gmt":"2019-03-22T08:05:29","guid":{"rendered":"http:\/\/radiokfor.com\/2\/?p=3342"},"modified":"2019-03-22T08:05:29","modified_gmt":"2019-03-22T08:05:29","slug":"svetski-dan-voda-22-mart-2","status":"publish","type":"post","link":"https:\/\/radiokfor.com\/2\/svetski-dan-voda-22-mart-2\/","title":{"rendered":"Svetski dan voda, 22. mart"},"content":{"rendered":"<p>Voda je osnovni princip i uzor svega \u0161to postoji, iz koje je sve nastalo i u koju se sve vra\u0107a. Ona je beskona\u010dna, ve\u010dna materija koja se kre\u0107e, zgu\u0161njava i razre\u0111uje i tako nastaju sve pojave.<\/p>\n<p>Gde nema vode- tu nema \u017eivota. To je prva potreba \u010doveka, koju on mora trajno da obezbedi, pre nego \u0161to po\u010dne da gradi svoje stani\u0161te.<\/p>\n<p>Iako voda pokriva 71% zemljine povr\u0161ine, samo 2,5% svih vodnih resursa je pija\u0107a voda. Raspolo\u017eive koli\u010dine pija\u0107e vode se konstantno smanjuju zbog porasta potro\u0161nje, zbog razli\u010ditih zaga\u0111enja, ali i lo\u0161eg gazdovanja. Procene su da ve\u0107 sada skoro milijardu ljudi na svetu nema pristup \u010distoj pija\u0107oj vodi, a procenjuje se i da \u0107e u narednoj deceniji potro\u0161nja vode rasti i da \u0107e 2025. godine potro\u0161nja biti pove\u0107ana za 58% u odnosu na sada\u0161nju. Zato se \u010dista pija\u0107a voda smatra kapitalnim resursom svake zemlje.<\/p>\n<p>Rezoluciju o obele\u017eavanju Svetskog dana voda donela je Generalna skup\u0161tina Ujedinjenih nacija 1992. godine u Rio de \u017daneiru. Sve zemlje su pozvane da taj dan posvete primeni preporuka UN i preduzmu konkretne korake i aktivnosti u skladu sa svojim nacionalnim interesima.<\/p>\n<p>Od izuzetne va\u017enosti je racionalno kori\u0161\u0107enje vodnih resursa, kao za\u0161tita od razli\u010ditih izvora zaga\u0111enja voda i vodotokova. Zato vodu moramo da \u0161tedimo i da \u010duvamo &#8211; svakog dana, na svakom mestu i u svakoj prilici. Ono \u0161to nama danas izgleda malo i nebitno nekom drugom u budu\u0107nosti \u0107e zna\u010diti mnogo. Klju\u010d je kako rukujemo vodom i to je problem, koji treba da nam bude prioritet.<\/p>\n","protected":false},"excerpt":{"rendered":"<p>Voda je osnovni princip i uzor svega \u0161to postoji, iz koje je sve nastalo i u koju se sve vra\u0107a. Ona je beskona\u010dna, ve\u010dna materija koja se kre\u0107e, zgu\u0161njava i razre\u0111uje i tako nastaju sve pojave. Gde nema vode- tu nema \u017eivota. To je prva potreba \u010doveka, koju on mora trajno da obezbedi, pre nego&hellip;<\/p>\n","protected":false},"author":2,"featured_media":3346,"comment_status":"closed","ping_status":"closed","sticky":false,"template":"","format":"standard","meta":{"footnotes":""},"categories":[2],"tags":[870],"class_list":["post-3342","post","type-post","status-publish","format-standard","has-post-thumbnail","hentry","category-news","tag-svetski-dan-voda","category-2","description-off"],"_links":{"self":[{"href":"https:\/\/radiokfor.com\/2\/wp-json\/wp\/v2\/posts\/3342","targetHints":{"allow":["GET"]}}],"collection":[{"href":"https:\/\/radiokfor.com\/2\/wp-json\/wp\/v2\/posts"}],"about":[{"href":"https:\/\/radiokfor.com\/2\/wp-json\/wp\/v2\/types\/post"}],"author":[{"embeddable":true,"href":"https:\/\/radiokfor.com\/2\/wp-json\/wp\/v2\/users\/2"}],"replies":[{"embeddable":true,"href":"https:\/\/radiokfor.com\/2\/wp-json\/wp\/v2\/comments?post=3342"}],"version-history":[{"count":1,"href":"https:\/\/radiokfor.com\/2\/wp-json\/wp\/v2\/posts\/3342\/revisions"}],"predecessor-version":[{"id":3347,"href":"https:\/\/radiokfor.com\/2\/wp-json\/wp\/v2\/posts\/3342\/revisions\/3347"}],"wp:featuredmedia":[{"embeddable":true,"href":"https:\/\/radiokfor.com\/2\/wp-json\/wp\/v2\/media\/3346"}],"wp:attachment":[{"href":"https:\/\/radiokfor.com\/2\/wp-json\/wp\/v2\/media?parent=3342"}],"wp:term":[{"taxonomy":"category","embeddable":true,"href":"https:\/\/radiokfor.com\/2\/wp-json\/wp\/v2\/categories?post=3342"},{"taxonomy":"post_tag","embeddable":true,"href":"https:\/\/radiokfor.com\/2\/wp-json\/wp\/v2\/tags?post=3342"}],"curies":[{"name":"wp","href":"https:\/\/api.w.org\/{rel}","templated":true}]}}