{"id":3337,"date":"2019-03-22T06:54:35","date_gmt":"2019-03-22T06:54:35","guid":{"rendered":"http:\/\/radiokfor.com\/2\/?p=3337"},"modified":"2019-03-22T07:23:40","modified_gmt":"2019-03-22T07:23:40","slug":"zenidba-u-ranilugu","status":"publish","type":"post","link":"https:\/\/radiokfor.com\/2\/zenidba-u-ranilugu\/","title":{"rendered":"\u201e\u017denidba\u201c u Ranilugu"},"content":{"rendered":"<p>Nakon niza gostovanja po gradovima \u0161irom Kosova, ansambl Narodnog pozori\u0161ta Pri\u0161tina gostova\u0107e na sceni Doma kulture u Ranilugu, u ponedeljak, 25. marta sa predstavom \u201e\u017denidba\u201c \u010diju je re\u017eiju radio\u00a0 Milan Karad\u017ei\u0107.<\/p>\n<p>U svom komadu \u201e\u017denidba\u201d, Gogolj je \u017eeleo da u prvi plan stavi i ismeje dru\u0161tvene anomalije svog vremena &#8211; licemerje, \u017eelju za statusom po svaku cenu, robovanje normama gra\u0111anskog dru\u0161tva\u2026 \u017denidba o kojoj on govori nije \u017eenidba iz ljubavi. To je dru\u0161tvena obaveza, statusni simbol, ispunjavanje forme za kojom njegovi likovi \u010deznu i upravo to je ono \u0161to ih \u010dini komi\u010dnim. Iako je pro\u0161lo skoro dvesta godina otkako je komad napisan, sve te anomalije su i dalje aktuelne i itekako prisutne u svakom, pa i u na\u0161em dru\u0161tvu, i o njima je uvek potrebno govoriti kroz pozori\u0161te.<\/p>\n<p>Posle gra\u010dani\u010dke premijere u oktobru mesecu pro\u0161le godine, reditelj Milan Karad\u017ei\u0107 je naveo da je presre\u0107an \u0161to se predstava dopala publici.<\/p>\n<p><em>\u201eJako sam zadovoljan pre svega jer je predstava uspela da se dopadne publici, a to je meni osnovni motiv. Dobra komedija jednog svetskog pisca, ruskog pisca Gogolja, koja ima jedan sjajan, fantasti\u010dan humor, humor koji je danas jednako, kao i pre dvesta godina, aktuelan. Ono \u0161to mi je drago je da sam takav tekst predlo\u017eio ovako dobrom, sjajnom ansamblu i taj ansamb je to uradio odli\u010dno, ja sam vrlo zadovoljan glumcima tako da eto drago mi je da je publika ovako dobro reagovala.\u201c<\/em><\/p>\n<p>U predstavi nastupaju Jelena Orlovi\u0107, Milan Vasi\u0107, Igor Damnjanovi\u0107, Anika Gruji\u0107, Bojan Stoj\u010detovi\u0107, Milena Jak\u0161i\u0107, Tamara Tomanovi\u0107, Milorad Kapor, Neboj\u0161a \u0110or\u0111evi\u0107 i Branko Babovi\u0107.<\/p>\n<p>Izvo\u0111enje \u201e\u017denidbe&#8221; u Ranilugu po\u010de\u0107e u 20 \u010dasova.<\/p>\n","protected":false},"excerpt":{"rendered":"<p>Nakon niza gostovanja po gradovima \u0161irom Kosova, ansambl Narodnog pozori\u0161ta Pri\u0161tina gostova\u0107e na sceni Doma kulture u Ranilugu, u ponedeljak, 25. marta sa predstavom \u201e\u017denidba\u201c \u010diju je re\u017eiju radio\u00a0 Milan Karad\u017ei\u0107. U svom komadu \u201e\u017denidba\u201d, Gogolj je \u017eeleo da u prvi plan stavi i ismeje dru\u0161tvene anomalije svog vremena &#8211; licemerje, \u017eelju za statusom po&hellip;<\/p>\n","protected":false},"author":2,"featured_media":469,"comment_status":"closed","ping_status":"closed","sticky":false,"template":"","format":"standard","meta":{"footnotes":""},"categories":[2],"tags":[406,27,154],"class_list":["post-3337","post","type-post","status-publish","format-standard","has-post-thumbnail","hentry","category-news","tag-dom-kulture-ranilug","tag-narodno-pozoriste-pristina","tag-predstava-zenidba","category-2","description-off"],"_links":{"self":[{"href":"https:\/\/radiokfor.com\/2\/wp-json\/wp\/v2\/posts\/3337","targetHints":{"allow":["GET"]}}],"collection":[{"href":"https:\/\/radiokfor.com\/2\/wp-json\/wp\/v2\/posts"}],"about":[{"href":"https:\/\/radiokfor.com\/2\/wp-json\/wp\/v2\/types\/post"}],"author":[{"embeddable":true,"href":"https:\/\/radiokfor.com\/2\/wp-json\/wp\/v2\/users\/2"}],"replies":[{"embeddable":true,"href":"https:\/\/radiokfor.com\/2\/wp-json\/wp\/v2\/comments?post=3337"}],"version-history":[{"count":2,"href":"https:\/\/radiokfor.com\/2\/wp-json\/wp\/v2\/posts\/3337\/revisions"}],"predecessor-version":[{"id":3341,"href":"https:\/\/radiokfor.com\/2\/wp-json\/wp\/v2\/posts\/3337\/revisions\/3341"}],"wp:featuredmedia":[{"embeddable":true,"href":"https:\/\/radiokfor.com\/2\/wp-json\/wp\/v2\/media\/469"}],"wp:attachment":[{"href":"https:\/\/radiokfor.com\/2\/wp-json\/wp\/v2\/media?parent=3337"}],"wp:term":[{"taxonomy":"category","embeddable":true,"href":"https:\/\/radiokfor.com\/2\/wp-json\/wp\/v2\/categories?post=3337"},{"taxonomy":"post_tag","embeddable":true,"href":"https:\/\/radiokfor.com\/2\/wp-json\/wp\/v2\/tags?post=3337"}],"curies":[{"name":"wp","href":"https:\/\/api.w.org\/{rel}","templated":true}]}}