{"id":3320,"date":"2019-03-21T12:40:30","date_gmt":"2019-03-21T12:40:30","guid":{"rendered":"http:\/\/radiokfor.com\/2\/?p=3320"},"modified":"2019-03-21T12:40:30","modified_gmt":"2019-03-21T12:40:30","slug":"danas-je-svetski-dan-osoba-s-daunovim-sindromom","status":"publish","type":"post","link":"https:\/\/radiokfor.com\/2\/danas-je-svetski-dan-osoba-s-daunovim-sindromom\/","title":{"rendered":"Danas je svetski dan osoba s Daunovim sindromom"},"content":{"rendered":"<p>Svake godine na prvi dan prole\u0107a, 21. marta, obele\u017eava se Svetski dan Daunovog sindroma. Ovaj datum izabran je zato \u0161to se ba\u0161 na 21. hromozomu doga\u0111a anomalija koja uzrokuje ovu bolest.<\/p>\n<p>Daunov sindrom je genetski poreme\u0107aj koji je dobio ime po doktoru D\u017eonu Lengdonu Daunu, koji ga je kao posebno stanje otkrio 1866. godine.<\/p>\n<p>Cilj obele\u017eavanja ovog dana je bu\u0111enje svesti i razumevanja i me\u0111unarodna podr\u0161ka kako bi se po\u0161tovala prava ljudi s Daunovim sindromom i pobolj\u0161ao njihov polo\u017eaj, a samim tim i kvalitet \u017eivota.<\/p>\n<p>Simbol ovog dana su \u0161arene \u010darape, jer ih ove osobe ne mogu upariti. Njihovim no\u0161enjem pokazuje se podr\u0161ka da se oni integri\u0161u u dru\u0161tvo, da im se osigura mesto u vrti\u0107ima, \u0161kolama i na poslovima.<\/p>\n<p>U proseku se jedno od 650 dece ra\u0111a sa ovim sindromom, a neke od naj\u010de\u0161\u0107ih fizi\u010dkih osobina ovih ljudi su slab mi\u0161i\u0107ni tonus, manji stas, kose o\u010di&#8230;<\/p>\n<p>Daunov sindrom mo\u017ee se javiti u bilo kojoj porodici na svetu, bez obzira na zdravlje roditelja, ekonomsku situaciju ili na\u010din \u017eivota.<\/p>\n<p>Osobe sa ovim sindromom su, tako\u0111e, divni i savr\u0161eni, ali na druga\u010diji na\u010din.<\/p>\n","protected":false},"excerpt":{"rendered":"<p>Svake godine na prvi dan prole\u0107a, 21. marta, obele\u017eava se Svetski dan Daunovog sindroma. Ovaj datum izabran je zato \u0161to se ba\u0161 na 21. hromozomu doga\u0111a anomalija koja uzrokuje ovu bolest. Daunov sindrom je genetski poreme\u0107aj koji je dobio ime po doktoru D\u017eonu Lengdonu Daunu, koji ga je kao posebno stanje otkrio 1866. godine. Cilj&hellip;<\/p>\n","protected":false},"author":2,"featured_media":3322,"comment_status":"closed","ping_status":"closed","sticky":false,"template":"","format":"standard","meta":{"footnotes":""},"categories":[2],"tags":[1098,527,1101,1099,1100,228],"class_list":["post-3320","post","type-post","status-publish","format-standard","has-post-thumbnail","hentry","category-news","tag-bolest","tag-daunov-sindrom","tag-jednakost","tag-obelezavanje","tag-podrska","tag-svetski-dan","category-2","description-off"],"_links":{"self":[{"href":"https:\/\/radiokfor.com\/2\/wp-json\/wp\/v2\/posts\/3320","targetHints":{"allow":["GET"]}}],"collection":[{"href":"https:\/\/radiokfor.com\/2\/wp-json\/wp\/v2\/posts"}],"about":[{"href":"https:\/\/radiokfor.com\/2\/wp-json\/wp\/v2\/types\/post"}],"author":[{"embeddable":true,"href":"https:\/\/radiokfor.com\/2\/wp-json\/wp\/v2\/users\/2"}],"replies":[{"embeddable":true,"href":"https:\/\/radiokfor.com\/2\/wp-json\/wp\/v2\/comments?post=3320"}],"version-history":[{"count":1,"href":"https:\/\/radiokfor.com\/2\/wp-json\/wp\/v2\/posts\/3320\/revisions"}],"predecessor-version":[{"id":3323,"href":"https:\/\/radiokfor.com\/2\/wp-json\/wp\/v2\/posts\/3320\/revisions\/3323"}],"wp:featuredmedia":[{"embeddable":true,"href":"https:\/\/radiokfor.com\/2\/wp-json\/wp\/v2\/media\/3322"}],"wp:attachment":[{"href":"https:\/\/radiokfor.com\/2\/wp-json\/wp\/v2\/media?parent=3320"}],"wp:term":[{"taxonomy":"category","embeddable":true,"href":"https:\/\/radiokfor.com\/2\/wp-json\/wp\/v2\/categories?post=3320"},{"taxonomy":"post_tag","embeddable":true,"href":"https:\/\/radiokfor.com\/2\/wp-json\/wp\/v2\/tags?post=3320"}],"curies":[{"name":"wp","href":"https:\/\/api.w.org\/{rel}","templated":true}]}}