{"id":3315,"date":"2019-03-21T10:14:18","date_gmt":"2019-03-21T10:14:18","guid":{"rendered":"http:\/\/radiokfor.com\/2\/?p=3315"},"modified":"2019-03-21T10:14:35","modified_gmt":"2019-03-21T10:14:35","slug":"info-sesija-o-programu-upshift","status":"publish","type":"post","link":"https:\/\/radiokfor.com\/2\/info-sesija-o-programu-upshift\/","title":{"rendered":"Info-sesija o programu &#8220;UPSHIFT&#8221;"},"content":{"rendered":"<p>Info-sesija o programu &#8220;UPSHIFT&#8221; koji implementira Innovations Lab Kosovo a finansira UNICEF odr\u017ea\u0107e se danas (21.03) u prostorijama Mlade Aktivne Gra\u010danice u Biznis Centru na Padali\u0161tu, sa po\u010detkom od 12h.<\/p>\n<p>Ovo je jedinstvenu \u0161ansa da sami, uz finansijsku i tehni\u010dku podr\u0161ku organizatora pokrenete inicijativu i unapredite svoju zajednicu.<\/p>\n<p>Na triodnevnoj sesiji koja \u0107e biti odr\u017eana od 19. do 21. aprila nau\u010di\u0107ete kako da dizajnirate, razvijete I impementirate va\u0161e ideje. Podignete svoje profesionalno iskustvo i ve\u0161tine u procesu re\u0161avanja problema. A da pritom i osvojite grantove do 1,000 EUR kako biste sproveli va\u0161u ideju i re\u0161ili dru\u0161tvene probleme.<\/p>\n<p>Sve \u0161to je potrebno jeste da ste stanovnik op\u0161tine Lipljan, \u0160timlje ili Gra\u010danica, da imate od 15 do 24 godina i da izgradite tim od 3 do 5 osoba, te popunite obrazac za prijavu koji mo\u017eete preuzeti <a href=\"http:\/\/lab.kosovoinnovations.org\/formcraft-testing\/wp-content\/plugins\/formcraft\/form.php?id=210\">ovde<\/a>.<\/p>\n<p>Svi tro\u0161kovi tokom trodnevne radionice su pokriveni od strane UNICEF Innovations Lab Kosovo.<\/p>\n<p>Rok za prijavu je \u010detvrtak, 11. april 2019.<\/p>\n","protected":false},"excerpt":{"rendered":"<p>Info-sesija o programu &#8220;UPSHIFT&#8221; koji implementira Innovations Lab Kosovo a finansira UNICEF odr\u017ea\u0107e se danas (21.03) u prostorijama Mlade Aktivne Gra\u010danice u Biznis Centru na Padali\u0161tu, sa po\u010detkom od 12h. Ovo je jedinstvenu \u0161ansa da sami, uz finansijsku i tehni\u010dku podr\u0161ku organizatora pokrenete inicijativu i unapredite svoju zajednicu. Na triodnevnoj sesiji koja \u0107e biti odr\u017eana&hellip;<\/p>\n","protected":false},"author":2,"featured_media":3317,"comment_status":"closed","ping_status":"closed","sticky":false,"template":"","format":"standard","meta":{"footnotes":""},"categories":[2],"tags":[1097,251,231,1096],"class_list":["post-3315","post","type-post","status-publish","format-standard","has-post-thumbnail","hentry","category-news","tag-innovations-lab-kosovo","tag-mlada-aktivna-gracanica","tag-unicef","tag-upshift","category-2","description-off"],"_links":{"self":[{"href":"https:\/\/radiokfor.com\/2\/wp-json\/wp\/v2\/posts\/3315","targetHints":{"allow":["GET"]}}],"collection":[{"href":"https:\/\/radiokfor.com\/2\/wp-json\/wp\/v2\/posts"}],"about":[{"href":"https:\/\/radiokfor.com\/2\/wp-json\/wp\/v2\/types\/post"}],"author":[{"embeddable":true,"href":"https:\/\/radiokfor.com\/2\/wp-json\/wp\/v2\/users\/2"}],"replies":[{"embeddable":true,"href":"https:\/\/radiokfor.com\/2\/wp-json\/wp\/v2\/comments?post=3315"}],"version-history":[{"count":2,"href":"https:\/\/radiokfor.com\/2\/wp-json\/wp\/v2\/posts\/3315\/revisions"}],"predecessor-version":[{"id":3319,"href":"https:\/\/radiokfor.com\/2\/wp-json\/wp\/v2\/posts\/3315\/revisions\/3319"}],"wp:featuredmedia":[{"embeddable":true,"href":"https:\/\/radiokfor.com\/2\/wp-json\/wp\/v2\/media\/3317"}],"wp:attachment":[{"href":"https:\/\/radiokfor.com\/2\/wp-json\/wp\/v2\/media?parent=3315"}],"wp:term":[{"taxonomy":"category","embeddable":true,"href":"https:\/\/radiokfor.com\/2\/wp-json\/wp\/v2\/categories?post=3315"},{"taxonomy":"post_tag","embeddable":true,"href":"https:\/\/radiokfor.com\/2\/wp-json\/wp\/v2\/tags?post=3315"}],"curies":[{"name":"wp","href":"https:\/\/api.w.org\/{rel}","templated":true}]}}