{"id":3249,"date":"2019-03-13T09:23:20","date_gmt":"2019-03-13T09:23:20","guid":{"rendered":"http:\/\/radiokfor.com\/2\/?p=3249"},"modified":"2019-03-14T07:11:17","modified_gmt":"2019-03-14T07:11:17","slug":"francuska-drama-polina-zivi-za-ples-u-euicc","status":"publish","type":"post","link":"https:\/\/radiokfor.com\/2\/francuska-drama-polina-zivi-za-ples-u-euicc\/","title":{"rendered":"Francuska drama \u201ePolina \u017eivi za ples\u201d u EUICC"},"content":{"rendered":"<p>Francuska drama iz 2016. godine pod nazivom \u201ePolina \u017eivi za ples\u201c (franc. Polina, Dancer sa Vie) bi\u0107e prikazana u Severnoj Mitrovici.<\/p>\n<p>Radnja filma sme\u0161tena je u Rusiji, devedesetih godina. Balerina Polina koja od ranog detinjstva mnogo obe\u0107ava, zahvaljuju\u0107i strogom i zahtevnom profesoru Bojinskom pred va\u017enim je profesionalnim izazovima. Dok se priprema da u\u010destvuje u presti\u017enom baletu teatra Balj\u0161oj, ona prisustvuje predstavi savremenog plesa, sasvim druga\u010dijeg od onoga \u010dime se sama bavi, a koji je duboko dirne otvaraju\u0107i joj sasvim nove i neslu\u0107ene perspektive.<\/p>\n<p>Film \u201ePolina \u017eivi za ples\u201c u re\u017eiji Valeri Miler i Angelin Preljocaj bi\u0107e prikazan danas (13.marta) od 16 \u010dasova u EUICC u Severnoj Mitrovici.<\/p>\n","protected":false},"excerpt":{"rendered":"<p>Francuska drama iz 2016. godine pod nazivom \u201ePolina \u017eivi za ples\u201c (franc. Polina, Dancer sa Vie) bi\u0107e prikazana u Severnoj Mitrovici. Radnja filma sme\u0161tena je u Rusiji, devedesetih godina. Balerina Polina koja od ranog detinjstva mnogo obe\u0107ava, zahvaljuju\u0107i strogom i zahtevnom profesoru Bojinskom pred va\u017enim je profesionalnim izazovima. Dok se priprema da u\u010destvuje u presti\u017enom&hellip;<\/p>\n","protected":false},"author":2,"featured_media":3251,"comment_status":"closed","ping_status":"closed","sticky":false,"template":"","format":"standard","meta":{"footnotes":""},"categories":[2],"tags":[41,1080,20],"class_list":["post-3249","post","type-post","status-publish","format-standard","has-post-thumbnail","hentry","category-news","tag-euicc","tag-film-polina-zivi-za-ples","tag-severna-mitrovica","category-2","description-off"],"_links":{"self":[{"href":"https:\/\/radiokfor.com\/2\/wp-json\/wp\/v2\/posts\/3249","targetHints":{"allow":["GET"]}}],"collection":[{"href":"https:\/\/radiokfor.com\/2\/wp-json\/wp\/v2\/posts"}],"about":[{"href":"https:\/\/radiokfor.com\/2\/wp-json\/wp\/v2\/types\/post"}],"author":[{"embeddable":true,"href":"https:\/\/radiokfor.com\/2\/wp-json\/wp\/v2\/users\/2"}],"replies":[{"embeddable":true,"href":"https:\/\/radiokfor.com\/2\/wp-json\/wp\/v2\/comments?post=3249"}],"version-history":[{"count":1,"href":"https:\/\/radiokfor.com\/2\/wp-json\/wp\/v2\/posts\/3249\/revisions"}],"predecessor-version":[{"id":3252,"href":"https:\/\/radiokfor.com\/2\/wp-json\/wp\/v2\/posts\/3249\/revisions\/3252"}],"wp:featuredmedia":[{"embeddable":true,"href":"https:\/\/radiokfor.com\/2\/wp-json\/wp\/v2\/media\/3251"}],"wp:attachment":[{"href":"https:\/\/radiokfor.com\/2\/wp-json\/wp\/v2\/media?parent=3249"}],"wp:term":[{"taxonomy":"category","embeddable":true,"href":"https:\/\/radiokfor.com\/2\/wp-json\/wp\/v2\/categories?post=3249"},{"taxonomy":"post_tag","embeddable":true,"href":"https:\/\/radiokfor.com\/2\/wp-json\/wp\/v2\/tags?post=3249"}],"curies":[{"name":"wp","href":"https:\/\/api.w.org\/{rel}","templated":true}]}}