{"id":3241,"date":"2019-03-13T09:32:41","date_gmt":"2019-03-13T09:32:41","guid":{"rendered":"http:\/\/radiokfor.com\/2\/?p=3241"},"modified":"2019-03-13T09:34:43","modified_gmt":"2019-03-13T09:34:43","slug":"film-savovi-premijerno-u-domu-kulture-gracanica","status":"publish","type":"post","link":"https:\/\/radiokfor.com\/2\/film-savovi-premijerno-u-domu-kulture-gracanica\/","title":{"rendered":"Film \u201e\u0160avovi\u201c premijerno u Domu kulture Gra\u010danica"},"content":{"rendered":"<p>Nakon uspeha na Berlinskom filmskom festivalu, film \u201e\u0160avovi\u201c reditelja Miroslava Terzi\u0107a bi\u0107e prikazan u Domu kulture Gra\u010danica.<\/p>\n<p>Film sa elementima trilera i melodrame bavi se temom novoro\u0111enih beba nestalih iz bolnica koje su godinama, a po svedo\u010denjima stotina roditelja, progla\u0161avane umrlim, a zapravo prodavane na usvajanje. Scenario je inspirisan svedo\u010danstvom kroja\u010dice iz Beograda, koja ve\u0107 skoro dve decenije traga za svojim &#8220;umrlim sinom&#8221;. Ona se bori protiv bolni\u010dke administracije i lekara, policije, sudova i op\u0161tinskih funkcionera kako bi dobila ispravnu umrlicu koja bi pru\u017eila dokaz gde joj je dete sahranjeno. Nepunih dvadeset godina kasnije, ona veruje da je prona\u0161la svog sina u naselju u predgra\u0111u Beograda.<\/p>\n<p>Film &#8220;\u0160avovi&#8221;, najbolji evropski film u selekciji &#8220;Panorama&#8221;, bi\u0107e prikazan u \u010detvrtak, 14. marta, od 21 \u010das.<\/p>\n","protected":false},"excerpt":{"rendered":"<p>Nakon uspeha na Berlinskom filmskom festivalu, film \u201e\u0160avovi\u201c reditelja Miroslava Terzi\u0107a bi\u0107e prikazan u Domu kulture Gra\u010danica. Film sa elementima trilera i melodrame bavi se temom novoro\u0111enih beba nestalih iz bolnica koje su godinama, a po svedo\u010denjima stotina roditelja, progla\u0161avane umrlim, a zapravo prodavane na usvajanje. Scenario je inspirisan svedo\u010danstvom kroja\u010dice iz Beograda, koja ve\u0107&hellip;<\/p>\n","protected":false},"author":2,"featured_media":3243,"comment_status":"closed","ping_status":"closed","sticky":false,"template":"","format":"standard","meta":{"footnotes":""},"categories":[2],"tags":[21,1079],"class_list":["post-3241","post","type-post","status-publish","format-standard","has-post-thumbnail","hentry","category-news","tag-dom-kulture-gracanica","tag-film-savovi","category-2","description-off"],"_links":{"self":[{"href":"https:\/\/radiokfor.com\/2\/wp-json\/wp\/v2\/posts\/3241","targetHints":{"allow":["GET"]}}],"collection":[{"href":"https:\/\/radiokfor.com\/2\/wp-json\/wp\/v2\/posts"}],"about":[{"href":"https:\/\/radiokfor.com\/2\/wp-json\/wp\/v2\/types\/post"}],"author":[{"embeddable":true,"href":"https:\/\/radiokfor.com\/2\/wp-json\/wp\/v2\/users\/2"}],"replies":[{"embeddable":true,"href":"https:\/\/radiokfor.com\/2\/wp-json\/wp\/v2\/comments?post=3241"}],"version-history":[{"count":2,"href":"https:\/\/radiokfor.com\/2\/wp-json\/wp\/v2\/posts\/3241\/revisions"}],"predecessor-version":[{"id":3245,"href":"https:\/\/radiokfor.com\/2\/wp-json\/wp\/v2\/posts\/3241\/revisions\/3245"}],"wp:featuredmedia":[{"embeddable":true,"href":"https:\/\/radiokfor.com\/2\/wp-json\/wp\/v2\/media\/3243"}],"wp:attachment":[{"href":"https:\/\/radiokfor.com\/2\/wp-json\/wp\/v2\/media?parent=3241"}],"wp:term":[{"taxonomy":"category","embeddable":true,"href":"https:\/\/radiokfor.com\/2\/wp-json\/wp\/v2\/categories?post=3241"},{"taxonomy":"post_tag","embeddable":true,"href":"https:\/\/radiokfor.com\/2\/wp-json\/wp\/v2\/tags?post=3241"}],"curies":[{"name":"wp","href":"https:\/\/api.w.org\/{rel}","templated":true}]}}