{"id":3201,"date":"2019-03-07T13:12:06","date_gmt":"2019-03-07T13:12:06","guid":{"rendered":"http:\/\/radiokfor.com\/2\/?p=3201"},"modified":"2019-03-07T13:53:43","modified_gmt":"2019-03-07T13:53:43","slug":"predstavljen-projekat-organizacioni-razvoj-zajednice-u-gracanici","status":"publish","type":"post","link":"https:\/\/radiokfor.com\/2\/predstavljen-projekat-organizacioni-razvoj-zajednice-u-gracanici\/","title":{"rendered":"Predstavljen  projekat &#8220;Organizacioni razvoj zajednice&#8221; u Gra\u010danici"},"content":{"rendered":"<p>Agencija vlade Sjedinjenih Ameri\u010dkih Dr\u017eava pod nazivom Mirovni \u041aorpus predstavila je u Gra\u010danici u postorijama Mlade aktivne Gra\u010danice projekat \u201cOrganizacioni razvoj zajednice\u201d nevladinim organizacijama i lokalnim institucijama.<\/p>\n<p>Projekat \u201eOrganizacioni razvoj zajednice&#8221; (COD) sprovodi se u cilju osna\u017eivanja mladih i \u017eena kako bi se pove\u0107ale mogu\u0107nosti zapo\u0161ljavanja o \u010demu smo razgovarali sa predstavnikom Mirovnog korpusa na Kosovu.<\/p>\n<p><em>\u201eMoje ime je Merita Fehmiu, ja sam menad\u017eer programa pri Mirovnom korpusu koji se zove \u201eOrganizacioni razvoj zajednice. Pre nego \u0161to smo krenuli sa ovim projektom uradili smo analizu stanja na Kosovu. Ne samo da su statistike pokazale da je oblast na koju moramo da se usredsredimo nego su razne organizacije, me\u0111unarodne, lokalne uputile na to da je to najve\u0107a potreba i da se usredsredimo na rad sa mladima i \u017eenama zato \u0161to su najprisutniji i najugro\u017eenije kategorije. Ako pogledate statistiku vide\u0107ete da su mladi preko 50% nezaposleni kao i \u017eene. I cilj ovog projekta je da preko amerikanaca volontera pomognemo ovim kategorijama u oja\u010danju njihovih sposobnosti i njihovog znanja kako bi bili konkurentniji na tr\u017ei\u0161tu.\u201d<\/em><\/p>\n<p>Trenitno 6 volontera iz SAD, koji rade pri Mirovnom korpusu, je raspore\u0111eno u srpskim zajednicama na Kosovu, rade u trouglu izme\u0111u institucija lokalne samouprave i organizacija civilnog dru\u0161tva kako bi interesi mladih bili na prvom mestu, a jedan od njih, Adyel Duran, je raspore\u0111en u Klokotu kao profesor engleskog jezika i omladini poru\u010duje:<\/p>\n<p><em>\u201eMislim da je veoma va\u017eno za mlade na Kosovu da shvate da su snovi ponekad veoma daleko, i da je za njih bitno da se fokusiraju na njih i pored toga \u0161to su druga\u010diji od uobi\u010dajenih. Za njih je va\u017eno da sebe guraju ka novim saznanjima.\u201c<\/em><\/p>\n<p>Mirovni \u041aorpus je agencija vlade Sjedinjenih Ameri\u010dkih Dr\u017eava koja je zvani\u010dno osnovana 1. marta 1961. godine od strane predsednika SAD-a D\u017eona F. \u041aenedija kako bi se promovisao mir i prijateljstvo na svetu putem Amerike Volontera.<\/p>\n","protected":false},"excerpt":{"rendered":"<p>Agencija vlade Sjedinjenih Ameri\u010dkih Dr\u017eava pod nazivom Mirovni \u041aorpus predstavila je u Gra\u010danici u postorijama Mlade aktivne Gra\u010danice projekat \u201cOrganizacioni razvoj zajednice\u201d nevladinim organizacijama i lokalnim institucijama. Projekat \u201eOrganizacioni razvoj zajednice&#8221; (COD) sprovodi se u cilju osna\u017eivanja mladih i \u017eena kako bi se pove\u0107ale mogu\u0107nosti zapo\u0161ljavanja o \u010demu smo razgovarali sa predstavnikom Mirovnog korpusa na&hellip;<\/p>\n","protected":false},"author":2,"featured_media":3203,"comment_status":"closed","ping_status":"closed","sticky":false,"template":"","format":"standard","meta":{"footnotes":""},"categories":[2],"tags":[1061,1062,251],"class_list":["post-3201","post","type-post","status-publish","format-standard","has-post-thumbnail","hentry","category-news","tag-organizacioni-razvoj-zajednice","tag-mirovni-korpus","tag-mlada-aktivna-gracanica","category-2","description-off"],"_links":{"self":[{"href":"https:\/\/radiokfor.com\/2\/wp-json\/wp\/v2\/posts\/3201","targetHints":{"allow":["GET"]}}],"collection":[{"href":"https:\/\/radiokfor.com\/2\/wp-json\/wp\/v2\/posts"}],"about":[{"href":"https:\/\/radiokfor.com\/2\/wp-json\/wp\/v2\/types\/post"}],"author":[{"embeddable":true,"href":"https:\/\/radiokfor.com\/2\/wp-json\/wp\/v2\/users\/2"}],"replies":[{"embeddable":true,"href":"https:\/\/radiokfor.com\/2\/wp-json\/wp\/v2\/comments?post=3201"}],"version-history":[{"count":5,"href":"https:\/\/radiokfor.com\/2\/wp-json\/wp\/v2\/posts\/3201\/revisions"}],"predecessor-version":[{"id":3208,"href":"https:\/\/radiokfor.com\/2\/wp-json\/wp\/v2\/posts\/3201\/revisions\/3208"}],"wp:featuredmedia":[{"embeddable":true,"href":"https:\/\/radiokfor.com\/2\/wp-json\/wp\/v2\/media\/3203"}],"wp:attachment":[{"href":"https:\/\/radiokfor.com\/2\/wp-json\/wp\/v2\/media?parent=3201"}],"wp:term":[{"taxonomy":"category","embeddable":true,"href":"https:\/\/radiokfor.com\/2\/wp-json\/wp\/v2\/categories?post=3201"},{"taxonomy":"post_tag","embeddable":true,"href":"https:\/\/radiokfor.com\/2\/wp-json\/wp\/v2\/tags?post=3201"}],"curies":[{"name":"wp","href":"https:\/\/api.w.org\/{rel}","templated":true}]}}