{"id":3188,"date":"2019-03-07T07:17:24","date_gmt":"2019-03-07T07:17:24","guid":{"rendered":"http:\/\/radiokfor.com\/2\/?p=3188"},"modified":"2019-03-07T07:18:12","modified_gmt":"2019-03-07T07:18:12","slug":"ekranizovan-strip-film-kapetan-marvel-premijerno-u-gracanici","status":"publish","type":"post","link":"https:\/\/radiokfor.com\/2\/ekranizovan-strip-film-kapetan-marvel-premijerno-u-gracanici\/","title":{"rendered":"Ekranizovan strip, film \u201eKapetan Marvel&#8221; premijerno u Gra\u010danici"},"content":{"rendered":"<p>Ljubitelji sveta stripa u\u017eiva\u0107e u ekranizaciji pri\u010de sme\u0161tene u 1990. godinu, filmu pod nazivom \u201eKapetan Marvel\u201d, koji \u0107e premijerno prikazan u \u010detvrtak, 7. marta u 21 \u010das na velikom platnu Doma kulture Gra\u010danica.<\/p>\n<p>Pri\u010da prati \u041aerol Denvers na putu da postane jedan od najmo\u0107nijih heroja u univerzumu. U trenutku kada rat izme\u0111u dve rase vanzemaljaca zahvati i Zemlju, Denvers i mala grupa njenih saveznika, bi\u0107e usred vrtloga sukoba.<\/p>\n<p>Pored Bri Larson, ameri\u010dke glumice koja \u0107e biti prva \u017eena u poslednjih deset godina koja \u0107e imati glavnu ulogu u filmu \u201e\u041aapetan Marvel\u201c, uloge tuma\u010de i Samjuel L. D\u017eekson, Ben Mendelson, \u0110imun Hounsou, Li Pejs, La\u0161ana Lin\u010d, Gema \u010can, Run Temte, Algenis Perez Soto, Makena Grejs, Anet Bening, \u041alark Greg i D\u017eud Lo.<\/p>\n","protected":false},"excerpt":{"rendered":"<p>Ljubitelji sveta stripa u\u017eiva\u0107e u ekranizaciji pri\u010de sme\u0161tene u 1990. godinu, filmu pod nazivom \u201eKapetan Marvel\u201d, koji \u0107e premijerno prikazan u \u010detvrtak, 7. marta u 21 \u010das na velikom platnu Doma kulture Gra\u010danica. Pri\u010da prati \u041aerol Denvers na putu da postane jedan od najmo\u0107nijih heroja u univerzumu. U trenutku kada rat izme\u0111u dve rase vanzemaljaca&hellip;<\/p>\n","protected":false},"author":2,"featured_media":3190,"comment_status":"closed","ping_status":"closed","sticky":false,"template":"","format":"standard","meta":{"footnotes":""},"categories":[2],"tags":[21,1059],"class_list":["post-3188","post","type-post","status-publish","format-standard","has-post-thumbnail","hentry","category-news","tag-dom-kulture-gracanica","tag-film-kapetan-marvel","category-2","description-off"],"_links":{"self":[{"href":"https:\/\/radiokfor.com\/2\/wp-json\/wp\/v2\/posts\/3188","targetHints":{"allow":["GET"]}}],"collection":[{"href":"https:\/\/radiokfor.com\/2\/wp-json\/wp\/v2\/posts"}],"about":[{"href":"https:\/\/radiokfor.com\/2\/wp-json\/wp\/v2\/types\/post"}],"author":[{"embeddable":true,"href":"https:\/\/radiokfor.com\/2\/wp-json\/wp\/v2\/users\/2"}],"replies":[{"embeddable":true,"href":"https:\/\/radiokfor.com\/2\/wp-json\/wp\/v2\/comments?post=3188"}],"version-history":[{"count":2,"href":"https:\/\/radiokfor.com\/2\/wp-json\/wp\/v2\/posts\/3188\/revisions"}],"predecessor-version":[{"id":3199,"href":"https:\/\/radiokfor.com\/2\/wp-json\/wp\/v2\/posts\/3188\/revisions\/3199"}],"wp:featuredmedia":[{"embeddable":true,"href":"https:\/\/radiokfor.com\/2\/wp-json\/wp\/v2\/media\/3190"}],"wp:attachment":[{"href":"https:\/\/radiokfor.com\/2\/wp-json\/wp\/v2\/media?parent=3188"}],"wp:term":[{"taxonomy":"category","embeddable":true,"href":"https:\/\/radiokfor.com\/2\/wp-json\/wp\/v2\/categories?post=3188"},{"taxonomy":"post_tag","embeddable":true,"href":"https:\/\/radiokfor.com\/2\/wp-json\/wp\/v2\/tags?post=3188"}],"curies":[{"name":"wp","href":"https:\/\/api.w.org\/{rel}","templated":true}]}}