{"id":3174,"date":"2019-03-06T12:47:19","date_gmt":"2019-03-06T12:47:19","guid":{"rendered":"http:\/\/radiokfor.com\/2\/?p=3174"},"modified":"2019-03-06T12:47:19","modified_gmt":"2019-03-06T12:47:19","slug":"rediteljski-prvenac-nikoline-spasic-premijerno-u-severnoj-mitrovici","status":"publish","type":"post","link":"https:\/\/radiokfor.com\/2\/rediteljski-prvenac-nikoline-spasic-premijerno-u-severnoj-mitrovici\/","title":{"rendered":"Rediteljski prvenac Nikoline Spasi\u0107 premijerno u Severnoj Mitrovici"},"content":{"rendered":"<p>Kratki dokumentarni film \u201eIsoland\u201c, koji je nastao kao deo projekta \u201ePozori\u0161te je za sve\u201c koji je finansirala Kancelarija Evropske unije na Kosovu, bi\u0107e prikazan u Kulturnom centru Akvarijus, ve\u010deras (06.03) od 19 \u010dasova.<\/p>\n<p>Kako je do\u0161la na ideju da snimi film, za\u0161to ba\u0161 naziv \u201cIsoland\u201d\u00a0 i o \u010demu se u istom radi saznali smo od autorke projekta, reditelja i glumice Nikoline Spasi\u0107.<\/p>\n<p><em>\u201eTo je re\u010d koju smo mi nekako osmislili shodno \u010dinjenici gde je materijal snimljen, u malo izolovanijim mestima, u \u00a0pitanju su Suvi Do, Osojane i Staro Gracko. A osnovnu temu filma i osnovni materijal \u010dini pozori\u0161na predstava koju smo kolega glumac Milan Novakovi\u0107 iz Novog Sada i ja pripremili po tekstu \u201eKad porastem bi\u0107u \u201c koju je napisala Tijana Grumi\u0107, mlada dramatur\u0161kinja i pripremili smo tu predstavu i re\u0161ili da odemo i odigramo za decu koja nemaju pozori\u0161te u svom malom mestu i koja nemaju priliku da pozori\u0161te vide ne samo svakog dana, nego smo onda kroz nekakve razgovore sa njima saznavali da neki i po par godina nisu dolazili u susret sa pozori\u0161tem i prosto je taj susret propra\u0107en i akcenat je stavljen na neke njihove utiske i do\u017eivljaj svega toga \u0161to su videli i susreli se po prvi put.\u201d<\/em><\/p>\n<p>Jedinstvena i tek na po\u010detku svoje gluma\u010dke karijere Nikolina \u0107e mitrova\u010dkoj publici predstaviti svoje prvo filmsko ostvarenje, zbog \u010dega ne krije zadovoljstvo i \u017eeljno i\u0161\u010dekuje komentare publike.<\/p>\n<p><em>\u201eJa sam po svom pozivu glumica i nikad nisam ni pomi\u0161ljala da bih mogla da napravim film ali onda sam eto dobila ideju pre svega da sa kolegama odem i odigram predstavu, onda mi je pro\u0161lo kroz glavu da bi to bilo zaista lepo i zabele\u017eiti i materijal je zaista bio divan. Bili smo u mogu\u0107nosti da napravimo i dve verzije filma, jednu kra\u0107u od nekih 20. minuta i jednu malo du\u017eu od 35 minuta koja \u0107e biti predstavljena u Mitrovici na Festivalu \u017eenskog stvarala\u0161tva na kojem i u\u010destvujem prvi put.\u201c<\/em><\/p>\n<p>Festival \u017eenskog stvarala\u0161tva pod nazivom \u201eVreme za impuls \u017eene\u201c odr\u017eava se u Kulturnom centru Akvarijus u Severnoj Mitrovici i ima za cilj da predstavi umetnost, knji\u017eevnost, muziku, pozori\u0161ne komade, film i likovna dela \u017eenskih autora sa Kosova.<\/p>\n","protected":false},"excerpt":{"rendered":"<p>Kratki dokumentarni film \u201eIsoland\u201c, koji je nastao kao deo projekta \u201ePozori\u0161te je za sve\u201c koji je finansirala Kancelarija Evropske unije na Kosovu, bi\u0107e prikazan u Kulturnom centru Akvarijus, ve\u010deras (06.03) od 19 \u010dasova. Kako je do\u0161la na ideju da snimi film, za\u0161to ba\u0161 naziv \u201cIsoland\u201d\u00a0 i o \u010demu se u istom radi saznali smo od&hellip;<\/p>\n","protected":false},"author":2,"featured_media":3176,"comment_status":"closed","ping_status":"closed","sticky":false,"template":"","format":"standard","meta":{"footnotes":""},"categories":[2],"tags":[1054,964,1055,20],"class_list":["post-3174","post","type-post","status-publish","format-standard","has-post-thumbnail","hentry","category-news","tag-isoland","tag-kulturni-centar-akvarijus","tag-nikolina-spasic","tag-severna-mitrovica","category-2","description-off"],"_links":{"self":[{"href":"https:\/\/radiokfor.com\/2\/wp-json\/wp\/v2\/posts\/3174","targetHints":{"allow":["GET"]}}],"collection":[{"href":"https:\/\/radiokfor.com\/2\/wp-json\/wp\/v2\/posts"}],"about":[{"href":"https:\/\/radiokfor.com\/2\/wp-json\/wp\/v2\/types\/post"}],"author":[{"embeddable":true,"href":"https:\/\/radiokfor.com\/2\/wp-json\/wp\/v2\/users\/2"}],"replies":[{"embeddable":true,"href":"https:\/\/radiokfor.com\/2\/wp-json\/wp\/v2\/comments?post=3174"}],"version-history":[{"count":1,"href":"https:\/\/radiokfor.com\/2\/wp-json\/wp\/v2\/posts\/3174\/revisions"}],"predecessor-version":[{"id":3177,"href":"https:\/\/radiokfor.com\/2\/wp-json\/wp\/v2\/posts\/3174\/revisions\/3177"}],"wp:featuredmedia":[{"embeddable":true,"href":"https:\/\/radiokfor.com\/2\/wp-json\/wp\/v2\/media\/3176"}],"wp:attachment":[{"href":"https:\/\/radiokfor.com\/2\/wp-json\/wp\/v2\/media?parent=3174"}],"wp:term":[{"taxonomy":"category","embeddable":true,"href":"https:\/\/radiokfor.com\/2\/wp-json\/wp\/v2\/categories?post=3174"},{"taxonomy":"post_tag","embeddable":true,"href":"https:\/\/radiokfor.com\/2\/wp-json\/wp\/v2\/tags?post=3174"}],"curies":[{"name":"wp","href":"https:\/\/api.w.org\/{rel}","templated":true}]}}