{"id":31713,"date":"2026-08-28T14:00:10","date_gmt":"2026-08-28T12:00:10","guid":{"rendered":"https:\/\/radiokfor.com\/2\/?p=31713"},"modified":"2026-08-28T14:09:57","modified_gmt":"2026-08-28T12:09:57","slug":"otkrijte-balkanistiku-na-univerzitetu-u-pristini","status":"publish","type":"post","link":"https:\/\/radiokfor.com\/2\/otkrijte-balkanistiku-na-univerzitetu-u-pristini\/","title":{"rendered":"Otkrijte balkanistiku na Univerzitetu u Pri\u0161tini"},"content":{"rendered":"<p>Da li vas zanimaju jezici, prevo\u0111enje, nastava, kultura i Balkan?<\/p>\n<p>Studijski program Balkanistike, Univerziteta u Pri\u0161tini, ima otvoren drugi upisni rok, od 28. avgusta do 5. septembra 2026. godine.<\/p>\n<p>Balkanistika je trogodi\u0161nji osnovni studijski program, otvoren za studente iz svih zajednica na Kosovu. Program pru\u017ea jedinstvenu mogu\u0107nost da studenti istovremeno u\u010de jedan balkanski jezik \u2013 bosanski, srpski, hrvatski, crnogorski \u2013 zajedno sa albanskim jezikom, kao i dodatni balkanski jezik, kao \u0161to su bugarski, gr\u010dki, makedonski ili rumunski, zajedno sa jednim stranim jezikom.<\/p>\n<p>Program objedinjuje u\u010denje jezika, prevo\u0111enje, nastavu i nau\u010dno-istra\u017eiva\u010dki rad, uz mogu\u0107nost stru\u010dne prakse nakon sticanja potrebnog nivoa jezi\u010dkog znanja.<\/p>\n<p>Nakon zavr\u0161etka studija, diplomci mogu da rade kao nastavnici, prevodioci i tuma\u010di, stru\u010dnjaci za pitanja Balkana, profesionalci u javnom sektoru i nevladinim organizacijama, stru\u010dnjaci za kulturna i regionalna pitanja, kao i u medijima i diplomatiji.<\/p>\n<p>Studenti imaju mogu\u0107nost da u\u010destvuju u programima Erasmus+ i CEEPUS mobilnosti, studijskim posetama, me\u0111unarodnom umre\u017eavanju, predavanjima gostuju\u0107ih profesora i saradnji sa univerzitetima \u0161irom Evrope i Balkana. Program podr\u017eavaju me\u0111unarodni i lokalni partneri, uklju\u010duju\u0107i OEBS, IOM, Vladu Kosova, Ambasadu Ujedinjenog Kraljevstva i Kancelariju EU na Kosovu.<\/p>\n<p>Prijave su otvorene od 28. avgusta do 5. septembra 2026. godine, putem interneta i fizi\u010dkim putem.<\/p>\n<p>Vi\u0161e informacija mo\u017eete dobiti putem dru\u0161tvenih mre\u017ea:<\/p>\n<p>Instagram:<a href=\"https:\/\/www.instagram.com\/balkanisticsprogramme\/\"> balkanisticsprogramme<\/a><\/p>\n<p>Facebook: <a href=\"https:\/\/www.facebook.com\/profile.php?id=100071729089901\">Balkanistics Study Programme<\/a><\/p>\n<p>&nbsp;<\/p>\n","protected":false},"excerpt":{"rendered":"<p>Da li vas zanimaju jezici, prevo\u0111enje, nastava, kultura i Balkan? Studijski program Balkanistike, Univerziteta u Pri\u0161tini, ima otvoren drugi upisni rok, od 28. avgusta do 5. septembra 2026. godine. Balkanistika je trogodi\u0161nji osnovni studijski program, otvoren za studente iz svih zajednica na Kosovu. Program pru\u017ea jedinstvenu mogu\u0107nost da studenti istovremeno u\u010de jedan balkanski jezik \u2013&hellip;<\/p>\n","protected":false},"author":2,"featured_media":31722,"comment_status":"closed","ping_status":"closed","sticky":false,"template":"","format":"standard","meta":{"footnotes":""},"categories":[2],"tags":[],"class_list":["post-31713","post","type-post","status-publish","format-standard","has-post-thumbnail","hentry","category-news","category-2","description-off"],"_links":{"self":[{"href":"https:\/\/radiokfor.com\/2\/wp-json\/wp\/v2\/posts\/31713","targetHints":{"allow":["GET"]}}],"collection":[{"href":"https:\/\/radiokfor.com\/2\/wp-json\/wp\/v2\/posts"}],"about":[{"href":"https:\/\/radiokfor.com\/2\/wp-json\/wp\/v2\/types\/post"}],"author":[{"embeddable":true,"href":"https:\/\/radiokfor.com\/2\/wp-json\/wp\/v2\/users\/2"}],"replies":[{"embeddable":true,"href":"https:\/\/radiokfor.com\/2\/wp-json\/wp\/v2\/comments?post=31713"}],"version-history":[{"count":2,"href":"https:\/\/radiokfor.com\/2\/wp-json\/wp\/v2\/posts\/31713\/revisions"}],"predecessor-version":[{"id":31721,"href":"https:\/\/radiokfor.com\/2\/wp-json\/wp\/v2\/posts\/31713\/revisions\/31721"}],"wp:featuredmedia":[{"embeddable":true,"href":"https:\/\/radiokfor.com\/2\/wp-json\/wp\/v2\/media\/31722"}],"wp:attachment":[{"href":"https:\/\/radiokfor.com\/2\/wp-json\/wp\/v2\/media?parent=31713"}],"wp:term":[{"taxonomy":"category","embeddable":true,"href":"https:\/\/radiokfor.com\/2\/wp-json\/wp\/v2\/categories?post=31713"},{"taxonomy":"post_tag","embeddable":true,"href":"https:\/\/radiokfor.com\/2\/wp-json\/wp\/v2\/tags?post=31713"}],"curies":[{"name":"wp","href":"https:\/\/api.w.org\/{rel}","templated":true}]}}