{"id":3170,"date":"2019-03-06T10:39:17","date_gmt":"2019-03-06T10:39:17","guid":{"rendered":"http:\/\/radiokfor.com\/2\/?p=3170"},"modified":"2019-03-06T10:39:17","modified_gmt":"2019-03-06T10:39:17","slug":"zavrsen-konkurs-o-tebi-zelim-da-pisem","status":"publish","type":"post","link":"https:\/\/radiokfor.com\/2\/zavrsen-konkurs-o-tebi-zelim-da-pisem\/","title":{"rendered":"Zavr\u0161en konkurs \u201cO tebi \u017eelim da pi\u0161em\u201d"},"content":{"rendered":"<p>Ustanova za sport, omladinu i specijalizovane usluge \u0107e 7. marta, u \u010detvrtak, dodeliti nagrade za najlep\u0161u ljubavnu pesmu, a povodom zavr\u0161enog konkursa \u201cO tebi \u017eelim da pi\u0161em\u201d.<\/p>\n<p>Na konkursu su u\u010destvovali u\u010denici osnovnih i srednjih \u0161kola sa teritorije Mitrovice. Ovaj konkurs je bio dobra prilika da se mladi upoznaju sa poezijom i da publici predstave svoje radove. Pru\u017eena im je mogu\u0107nost da se oku\u0161aju u ne\u010demu \u0161to vole i mo\u017eda \u0107e nekome od njih stvaranje poezije biti \u017eivotni put kojim \u0107e nastaviti da kora\u010daju.<\/p>\n<p>Nagrade \u0107e biti uru\u010dene dobitnicima iz osnovnih i srednjih \u0161kola u 12 \u010dasova u Gradskoj biblioteci \u201cVuk Karad\u017ei\u0107\u201d u Mitrovici.<\/p>\n<p>Organizator konkursa je Ustanova za sport, omladinu i specijalizovane usluge.<\/p>\n","protected":false},"excerpt":{"rendered":"<p>Ustanova za sport, omladinu i specijalizovane usluge \u0107e 7. marta, u \u010detvrtak, dodeliti nagrade za najlep\u0161u ljubavnu pesmu, a povodom zavr\u0161enog konkursa \u201cO tebi \u017eelim da pi\u0161em\u201d. Na konkursu su u\u010destvovali u\u010denici osnovnih i srednjih \u0161kola sa teritorije Mitrovice. Ovaj konkurs je bio dobra prilika da se mladi upoznaju sa poezijom i da publici predstave&hellip;<\/p>\n","protected":false},"author":2,"featured_media":3172,"comment_status":"closed","ping_status":"closed","sticky":false,"template":"","format":"standard","meta":{"footnotes":""},"categories":[2],"tags":[598,604,133,1052,1053],"class_list":["post-3170","post","type-post","status-publish","format-standard","has-post-thumbnail","hentry","category-news","tag-konkurs","tag-kultura","tag-mitrovica","tag-o-tebi-zelim","tag-pisem","category-2","description-off"],"_links":{"self":[{"href":"https:\/\/radiokfor.com\/2\/wp-json\/wp\/v2\/posts\/3170","targetHints":{"allow":["GET"]}}],"collection":[{"href":"https:\/\/radiokfor.com\/2\/wp-json\/wp\/v2\/posts"}],"about":[{"href":"https:\/\/radiokfor.com\/2\/wp-json\/wp\/v2\/types\/post"}],"author":[{"embeddable":true,"href":"https:\/\/radiokfor.com\/2\/wp-json\/wp\/v2\/users\/2"}],"replies":[{"embeddable":true,"href":"https:\/\/radiokfor.com\/2\/wp-json\/wp\/v2\/comments?post=3170"}],"version-history":[{"count":1,"href":"https:\/\/radiokfor.com\/2\/wp-json\/wp\/v2\/posts\/3170\/revisions"}],"predecessor-version":[{"id":3173,"href":"https:\/\/radiokfor.com\/2\/wp-json\/wp\/v2\/posts\/3170\/revisions\/3173"}],"wp:featuredmedia":[{"embeddable":true,"href":"https:\/\/radiokfor.com\/2\/wp-json\/wp\/v2\/media\/3172"}],"wp:attachment":[{"href":"https:\/\/radiokfor.com\/2\/wp-json\/wp\/v2\/media?parent=3170"}],"wp:term":[{"taxonomy":"category","embeddable":true,"href":"https:\/\/radiokfor.com\/2\/wp-json\/wp\/v2\/categories?post=3170"},{"taxonomy":"post_tag","embeddable":true,"href":"https:\/\/radiokfor.com\/2\/wp-json\/wp\/v2\/tags?post=3170"}],"curies":[{"name":"wp","href":"https:\/\/api.w.org\/{rel}","templated":true}]}}