{"id":3164,"date":"2019-03-05T15:01:35","date_gmt":"2019-03-05T15:01:35","guid":{"rendered":"http:\/\/radiokfor.com\/2\/?p=3164"},"modified":"2019-03-05T15:21:56","modified_gmt":"2019-03-05T15:21:56","slug":"nova-srpska-poezija-i-proza-u-kulturnom-centru-akvarijus","status":"publish","type":"post","link":"https:\/\/radiokfor.com\/2\/nova-srpska-poezija-i-proza-u-kulturnom-centru-akvarijus\/","title":{"rendered":"Nova srpska poezija i proza u Kulturnom centru Akvarijus"},"content":{"rendered":"<p>Njihove radove imali smo prilike da pro\u010ditamo u mitrova\u010dkom \u010dasopisu \u201eStremljenja\u201c, u okviru temata posve\u0107enoj mladoj srpskoj poeziji i prozi, a ve\u010deras (05.03) \u0107e se kona\u010dno predstaviti i u okviru Festivala \u017eenskog stvarala\u0161tva u Kulturnom centru Akvarijus u Severnoj Mitrovici.<\/p>\n<p>Koliko im zna\u010di u\u010de\u0161\u0107e na jednom ovakvom festivalu, saznali smo u\u010desnica, studenata Filozofskog fakulteta Pri\u0161tina u Severnoj Mitrovici.<\/p>\n<p>\u201eOvo je prvi put da u\u010destvujem u ovakvom de\u0161avanju, odnosno festivalu. Nadam se da \u0107e festival biti dobar i da \u0107e ispuniti moja o\u010dekivanja\u201c, ka\u017ee Aleksandra Leki\u0107, student 3. godine na katedri za srpsku knji\u017eevnost i jezik sa kojom se sla\u017ee i Danijela Radomirovi\u0107, student Filozofskog fakulteta Pri\u0161tina u Severnoj Mitrovici.<\/p>\n<p>\u201eSvi\u0111a mi se zato \u0161to ina\u010de nemamo ne\u0161to tako sli\u010dno u na\u0161em gradu, zvali su me zapravo iz Knja\u017eevca da se predstavim, ali nisam imala prilike do sada tako da je ovo u Akvarijusu prvo moje predstavljanje i veliko mi je zadovoljstvo \u0161to \u0107u biti deo tog tima njihovog i projekta.\u201c<\/p>\n<p>\u201eOvo je moje prvo u\u010de\u0161\u0107e i moj prvi javni nastup \u0161to se ovog dela mog \u017eivota ti\u010de. Tako da o\u010dekivanja su pozitivna, i ba\u0161 mi je drago i zahvalila bih se ovom prilikom i svojoj profesorki Sanji Miketi\u0107 Suboti\u0107, naravno i na pozivu na\u0161im doma\u0107inima u Kulturnom centru Akvarijus. Zaista mi ovo zna\u010di i iskreno o\u010dekujem predivno ve\u010de sa svojim koleginicama koje predivno pi\u0161u i zaista sam ponosna na to \u0161to sam deo ovakvog jednog projekta\u201c, dodaje Aleksandra Toma\u0161evi\u0107 iz Suvog Grla, dok je za razliku od nje, Nevena Milosavljevi\u0107 je ve\u0107 bila deo mnogobrojnih festivala, ali se ovom posebno raduje.<\/p>\n<p>\u201eJa sam u\u010destvovala ve\u0107 par puta ali je prvi put ovde na Kosovu pa mi je posebno drago i mo\u017eda mi je to ne\u0161to i najdra\u017ee.\u201c<\/p>\n<p>Festival \u017eenskog stvarala\u0161tva pod nazivom \u201eVreme za impuls \u017eene\u201c odr\u017eava se u Kulturnom centru Akvarijus u Severnoj Mitrovici i ima za cilj da predstavi umetnost, knji\u017eevnost, muziku, pozori\u0161ne komade, film i likovna dela \u017eenskih autora sa Kosova.<\/p>\n","protected":false},"excerpt":{"rendered":"<p>Njihove radove imali smo prilike da pro\u010ditamo u mitrova\u010dkom \u010dasopisu \u201eStremljenja\u201c, u okviru temata posve\u0107enoj mladoj srpskoj poeziji i prozi, a ve\u010deras (05.03) \u0107e se kona\u010dno predstaviti i u okviru Festivala \u017eenskog stvarala\u0161tva u Kulturnom centru Akvarijus u Severnoj Mitrovici. Koliko im zna\u010di u\u010de\u0161\u0107e na jednom ovakvom festivalu, saznali smo u\u010desnica, studenata Filozofskog fakulteta Pri\u0161tina&hellip;<\/p>\n","protected":false},"author":2,"featured_media":3168,"comment_status":"closed","ping_status":"closed","sticky":false,"template":"","format":"standard","meta":{"footnotes":""},"categories":[2],"tags":[1051,1050,580],"class_list":["post-3164","post","type-post","status-publish","format-standard","has-post-thumbnail","hentry","category-news","tag-festival-zenskog-stvaralastva","tag-nova-srpska-poezija-i-proza","tag-vreme-za-impuls-zene","category-2","description-off"],"_links":{"self":[{"href":"https:\/\/radiokfor.com\/2\/wp-json\/wp\/v2\/posts\/3164","targetHints":{"allow":["GET"]}}],"collection":[{"href":"https:\/\/radiokfor.com\/2\/wp-json\/wp\/v2\/posts"}],"about":[{"href":"https:\/\/radiokfor.com\/2\/wp-json\/wp\/v2\/types\/post"}],"author":[{"embeddable":true,"href":"https:\/\/radiokfor.com\/2\/wp-json\/wp\/v2\/users\/2"}],"replies":[{"embeddable":true,"href":"https:\/\/radiokfor.com\/2\/wp-json\/wp\/v2\/comments?post=3164"}],"version-history":[{"count":1,"href":"https:\/\/radiokfor.com\/2\/wp-json\/wp\/v2\/posts\/3164\/revisions"}],"predecessor-version":[{"id":3166,"href":"https:\/\/radiokfor.com\/2\/wp-json\/wp\/v2\/posts\/3164\/revisions\/3166"}],"wp:featuredmedia":[{"embeddable":true,"href":"https:\/\/radiokfor.com\/2\/wp-json\/wp\/v2\/media\/3168"}],"wp:attachment":[{"href":"https:\/\/radiokfor.com\/2\/wp-json\/wp\/v2\/media?parent=3164"}],"wp:term":[{"taxonomy":"category","embeddable":true,"href":"https:\/\/radiokfor.com\/2\/wp-json\/wp\/v2\/categories?post=3164"},{"taxonomy":"post_tag","embeddable":true,"href":"https:\/\/radiokfor.com\/2\/wp-json\/wp\/v2\/tags?post=3164"}],"curies":[{"name":"wp","href":"https:\/\/api.w.org\/{rel}","templated":true}]}}