{"id":30714,"date":"2026-04-30T18:00:11","date_gmt":"2026-04-30T16:00:11","guid":{"rendered":"https:\/\/radiokfor.com\/2\/?p=30714"},"modified":"2026-05-01T07:16:54","modified_gmt":"2026-05-01T05:16:54","slug":"zbogom-titi-tvoj-glas-i-tvoj-rad-zauvek-ce-ziveti-medu-nama","status":"publish","type":"post","link":"https:\/\/radiokfor.com\/2\/zbogom-titi-tvoj-glas-i-tvoj-rad-zauvek-ce-ziveti-medu-nama\/","title":{"rendered":"Zbogom Titi. Tvoj glas i tvoj rad zauvek \u0107e \u017eiveti me\u0111u nama!"},"content":{"rendered":"<p data-start=\"102\" data-end=\"340\">S tugom javljamo da nas je napustio Astrit Dushi Titi, \u010dovek koji je punih 17 godina bio deo glasa i duha Radio KFOR-a. Bio je pravi profesionalac, miran i drag kolega, po\u0161tovan od svih, i ostavio je neizbrisiv trag u svemu \u0161to je radio.<\/p>\n<p data-start=\"342\" data-end=\"574\">Od 1999. godine, njegov rad je oblikovao program radija, postav\u0161i neodvojivi deo na\u0161e muzi\u010dke pri\u010de i identiteta. Sa ljubavlju i posve\u0107eno\u0161\u0107u prema muzici, Titi je doprineo stvaranju programa koji su generacije slu\u0161alaca zavolele.<\/p>\n<p data-start=\"576\" data-end=\"725\">Njegov odlazak ostavlja prazninu koja \u0107e se duboko ose\u0107ati, ali se\u0107anje na njega i njegov rad \u017eive\u0107e u svima koji su ga poznavali i radili sa njim.<\/p>\n<p data-start=\"727\" data-end=\"882\">Iskreno sau\u010de\u0161\u0107e porodici, prijateljima i svim kolegama iz Radio KFOR-a.<br data-start=\"799\" data-end=\"802\" \/>Zbogom, Titi. Tvoj glas i tvoja posve\u0107enost muzici zauvek \u0107e \u017eiveti me\u0111u nama.<\/p>\n","protected":false},"excerpt":{"rendered":"<p>S tugom javljamo da nas je napustio Astrit Dushi Titi, \u010dovek koji je punih 17 godina bio deo glasa i duha Radio KFOR-a. Bio je pravi profesionalac, miran i drag kolega, po\u0161tovan od svih, i ostavio je neizbrisiv trag u svemu \u0161to je radio. Od 1999. godine, njegov rad je oblikovao program radija, postav\u0161i neodvojivi&hellip;<\/p>\n","protected":false},"author":11,"featured_media":30717,"comment_status":"closed","ping_status":"closed","sticky":false,"template":"","format":"standard","meta":{"footnotes":""},"categories":[2],"tags":[],"class_list":["post-30714","post","type-post","status-publish","format-standard","has-post-thumbnail","hentry","category-news","category-2","description-off"],"_links":{"self":[{"href":"https:\/\/radiokfor.com\/2\/wp-json\/wp\/v2\/posts\/30714","targetHints":{"allow":["GET"]}}],"collection":[{"href":"https:\/\/radiokfor.com\/2\/wp-json\/wp\/v2\/posts"}],"about":[{"href":"https:\/\/radiokfor.com\/2\/wp-json\/wp\/v2\/types\/post"}],"author":[{"embeddable":true,"href":"https:\/\/radiokfor.com\/2\/wp-json\/wp\/v2\/users\/11"}],"replies":[{"embeddable":true,"href":"https:\/\/radiokfor.com\/2\/wp-json\/wp\/v2\/comments?post=30714"}],"version-history":[{"count":4,"href":"https:\/\/radiokfor.com\/2\/wp-json\/wp\/v2\/posts\/30714\/revisions"}],"predecessor-version":[{"id":30720,"href":"https:\/\/radiokfor.com\/2\/wp-json\/wp\/v2\/posts\/30714\/revisions\/30720"}],"wp:featuredmedia":[{"embeddable":true,"href":"https:\/\/radiokfor.com\/2\/wp-json\/wp\/v2\/media\/30717"}],"wp:attachment":[{"href":"https:\/\/radiokfor.com\/2\/wp-json\/wp\/v2\/media?parent=30714"}],"wp:term":[{"taxonomy":"category","embeddable":true,"href":"https:\/\/radiokfor.com\/2\/wp-json\/wp\/v2\/categories?post=30714"},{"taxonomy":"post_tag","embeddable":true,"href":"https:\/\/radiokfor.com\/2\/wp-json\/wp\/v2\/tags?post=30714"}],"curies":[{"name":"wp","href":"https:\/\/api.w.org\/{rel}","templated":true}]}}