{"id":30704,"date":"2026-05-01T00:01:18","date_gmt":"2026-04-30T22:01:18","guid":{"rendered":"https:\/\/radiokfor.com\/2\/?p=30704"},"modified":"2026-04-30T12:54:50","modified_gmt":"2026-04-30T10:54:50","slug":"medunarodni-praznik-rada-simbol-borbe-za-dostojanstvo","status":"publish","type":"post","link":"https:\/\/radiokfor.com\/2\/medunarodni-praznik-rada-simbol-borbe-za-dostojanstvo\/","title":{"rendered":"Me\u0111unarodni praznik rada: Simbol borbe za dostojanstvo"},"content":{"rendered":"<p>\u0160irom sveta danas se obele\u017eava 1. maj, Me\u0111unarodni praznik rada, u znak se\u0107anja na radnike koji su se 1886. godine u \u010cikagu izborili za dostojnije uslove \u017eivota.<\/p>\n<p>Ovaj dan je mnogo vi\u0161e od slobodnog popodneva. On je podsetnik na osmo\u010dasovno radno vreme i osnovna prava koja danas \u010desto uzimamo zdravo za gotovo. Obele\u017eavanje Prvog maja klju\u010dno je za o\u010duvanje radni\u010dke solidarnosti i svesti o tome da su pravedna plata i bezbedno okru\u017eenje neotu\u0111iva prava, a ne privilegija.<\/p>\n<p>U svetu koji se brzo menja, ovaj praznik nas poziva da neprestano unapre\u0111ujemo standarde i po\u0161tujemo doprinos svakog pojedinca dru\u0161tvu.<\/p>\n","protected":false},"excerpt":{"rendered":"<p>\u0160irom sveta danas se obele\u017eava 1. maj, Me\u0111unarodni praznik rada, u znak se\u0107anja na radnike koji su se 1886. godine u \u010cikagu izborili za dostojnije uslove \u017eivota. Ovaj dan je mnogo vi\u0161e od slobodnog popodneva. On je podsetnik na osmo\u010dasovno radno vreme i osnovna prava koja danas \u010desto uzimamo zdravo za gotovo. Obele\u017eavanje Prvog maja&hellip;<\/p>\n","protected":false},"author":7,"featured_media":30705,"comment_status":"closed","ping_status":"closed","sticky":false,"template":"","format":"standard","meta":{"footnotes":""},"categories":[2],"tags":[],"class_list":["post-30704","post","type-post","status-publish","format-standard","has-post-thumbnail","hentry","category-news","category-2","description-off"],"_links":{"self":[{"href":"https:\/\/radiokfor.com\/2\/wp-json\/wp\/v2\/posts\/30704","targetHints":{"allow":["GET"]}}],"collection":[{"href":"https:\/\/radiokfor.com\/2\/wp-json\/wp\/v2\/posts"}],"about":[{"href":"https:\/\/radiokfor.com\/2\/wp-json\/wp\/v2\/types\/post"}],"author":[{"embeddable":true,"href":"https:\/\/radiokfor.com\/2\/wp-json\/wp\/v2\/users\/7"}],"replies":[{"embeddable":true,"href":"https:\/\/radiokfor.com\/2\/wp-json\/wp\/v2\/comments?post=30704"}],"version-history":[{"count":1,"href":"https:\/\/radiokfor.com\/2\/wp-json\/wp\/v2\/posts\/30704\/revisions"}],"predecessor-version":[{"id":30706,"href":"https:\/\/radiokfor.com\/2\/wp-json\/wp\/v2\/posts\/30704\/revisions\/30706"}],"wp:featuredmedia":[{"embeddable":true,"href":"https:\/\/radiokfor.com\/2\/wp-json\/wp\/v2\/media\/30705"}],"wp:attachment":[{"href":"https:\/\/radiokfor.com\/2\/wp-json\/wp\/v2\/media?parent=30704"}],"wp:term":[{"taxonomy":"category","embeddable":true,"href":"https:\/\/radiokfor.com\/2\/wp-json\/wp\/v2\/categories?post=30704"},{"taxonomy":"post_tag","embeddable":true,"href":"https:\/\/radiokfor.com\/2\/wp-json\/wp\/v2\/tags?post=30704"}],"curies":[{"name":"wp","href":"https:\/\/api.w.org\/{rel}","templated":true}]}}