{"id":30701,"date":"2026-04-30T10:51:25","date_gmt":"2026-04-30T08:51:25","guid":{"rendered":"https:\/\/radiokfor.com\/2\/?p=30701"},"modified":"2026-04-30T10:51:25","modified_gmt":"2026-04-30T08:51:25","slug":"obelezen-medunarodni-dan-dzeza","status":"publish","type":"post","link":"https:\/\/radiokfor.com\/2\/obelezen-medunarodni-dan-dzeza\/","title":{"rendered":"Obele\u017een Me\u0111unarodni dan d\u017eeza"},"content":{"rendered":"<p>Danas se \u0161irom sveta obele\u017eava International Jazz Day, me\u0111unarodna inicijativa koju je pokrenuo UNESCO s ciljem promocije d\u017eeza kao umetnosti koja prevazilazi kulturne i dru\u0161tvene granice.<\/p>\n<p>Me\u0111unarodni dan d\u017eeza ukazuje na va\u017enu ulogu ovog muzi\u010dkog pravca u istoriji borbe za slobodu izra\u017eavanja, ljudska prava i me\u0111usobno razumevanje. D\u017eez je kroz decenije bio simbol kreativnosti i improvizacije, ali i sna\u017eno sredstvo povezivanja ljudi razli\u010ditih kultura.<\/p>\n<p>Tim povodom, u brojnim gradovima organizuju se koncerti, radionice i edukativni programi koji okupljaju umetnike i publiku iz celog sveta. Poseban akcenat stavlja se na mlade, kojima se pribli\u017eava zna\u010daj muzike kao univerzalnog jezika.<\/p>\n<p>Poruka ovog dana jeste da d\u017eez, kao spoj tradicije i inovacije, nastavlja da inspiri\u0161e generacije i podsti\u010de dijalog me\u0111u ljudima bez obzira na razlike.<\/p>\n","protected":false},"excerpt":{"rendered":"<p>Danas se \u0161irom sveta obele\u017eava International Jazz Day, me\u0111unarodna inicijativa koju je pokrenuo UNESCO s ciljem promocije d\u017eeza kao umetnosti koja prevazilazi kulturne i dru\u0161tvene granice. Me\u0111unarodni dan d\u017eeza ukazuje na va\u017enu ulogu ovog muzi\u010dkog pravca u istoriji borbe za slobodu izra\u017eavanja, ljudska prava i me\u0111usobno razumevanje. D\u017eez je kroz decenije bio simbol kreativnosti i&hellip;<\/p>\n","protected":false},"author":11,"featured_media":30702,"comment_status":"closed","ping_status":"closed","sticky":false,"template":"","format":"standard","meta":{"footnotes":""},"categories":[2],"tags":[],"class_list":["post-30701","post","type-post","status-publish","format-standard","has-post-thumbnail","hentry","category-news","category-2","description-off"],"_links":{"self":[{"href":"https:\/\/radiokfor.com\/2\/wp-json\/wp\/v2\/posts\/30701","targetHints":{"allow":["GET"]}}],"collection":[{"href":"https:\/\/radiokfor.com\/2\/wp-json\/wp\/v2\/posts"}],"about":[{"href":"https:\/\/radiokfor.com\/2\/wp-json\/wp\/v2\/types\/post"}],"author":[{"embeddable":true,"href":"https:\/\/radiokfor.com\/2\/wp-json\/wp\/v2\/users\/11"}],"replies":[{"embeddable":true,"href":"https:\/\/radiokfor.com\/2\/wp-json\/wp\/v2\/comments?post=30701"}],"version-history":[{"count":1,"href":"https:\/\/radiokfor.com\/2\/wp-json\/wp\/v2\/posts\/30701\/revisions"}],"predecessor-version":[{"id":30703,"href":"https:\/\/radiokfor.com\/2\/wp-json\/wp\/v2\/posts\/30701\/revisions\/30703"}],"wp:featuredmedia":[{"embeddable":true,"href":"https:\/\/radiokfor.com\/2\/wp-json\/wp\/v2\/media\/30702"}],"wp:attachment":[{"href":"https:\/\/radiokfor.com\/2\/wp-json\/wp\/v2\/media?parent=30701"}],"wp:term":[{"taxonomy":"category","embeddable":true,"href":"https:\/\/radiokfor.com\/2\/wp-json\/wp\/v2\/categories?post=30701"},{"taxonomy":"post_tag","embeddable":true,"href":"https:\/\/radiokfor.com\/2\/wp-json\/wp\/v2\/tags?post=30701"}],"curies":[{"name":"wp","href":"https:\/\/api.w.org\/{rel}","templated":true}]}}