{"id":30437,"date":"2026-04-12T06:38:49","date_gmt":"2026-04-12T04:38:49","guid":{"rendered":"https:\/\/radiokfor.com\/2\/?p=30437"},"modified":"2026-03-31T16:40:18","modified_gmt":"2026-03-31T14:40:18","slug":"obelezava-se-medunarodni-mesec-gitare","status":"publish","type":"post","link":"https:\/\/radiokfor.com\/2\/obelezava-se-medunarodni-mesec-gitare\/","title":{"rendered":"Obele\u017eava se Me\u0111unarodni mesec gitare"},"content":{"rendered":"<p>Tokom aprila \u0161irom sveta obele\u017eava se Me\u0111unarodni mesec gitare, posve\u0107en jednom od najpopularnijih i najuticajnijih instrumenata u istoriji muzike. Ovaj mesec pru\u017ea priliku ljubiteljima muzike da slave bogatu tradiciju gitare, ali i da promovi\u0161u njenu raznovrsnu upotrebu u razli\u010ditim muzi\u010dkim \u017eanrovima.<\/p>\n<p>Gitara je kroz decenije zauzela centralno mesto u mnogim stilovima \u2013 od klasike i d\u017eeza do roka i popa. Zahvaljuju\u0107i umetnicima poput Jimi Hendrix, Eric Clapton i Carlos Santana, ovaj instrument postao je simbol kreativnosti i izra\u017eavanja.<\/p>\n<p>U okviru obele\u017eavanja organizuju se koncerti, radionice, onlajn \u010dasovi i javni nastupi, namenjeni kako po\u010detnicima, tako i profesionalnim muzi\u010darima. Cilj je da se inspiri\u0161u nove generacije da uzmu gitaru u ruke i istra\u017ee sopstveni muzi\u010dki izraz.<\/p>\n<p>Stru\u010dnjaci isti\u010du da sviranje gitare, osim umetni\u010dkog, ima i brojne benefite za mentalno zdravlje, uklju\u010duju\u0107i smanjenje stresa i razvoj koncentracije.<\/p>\n<p>Me\u0111unarodni mesec gitare podse\u0107a nas da muzika ima mo\u0107 da povezuje ljude \u0161irom sveta, a gitara ostaje jedan od njenih najprepoznatljivijih simbola.<\/p>\n<p>&nbsp;<\/p>\n","protected":false},"excerpt":{"rendered":"<p>Tokom aprila \u0161irom sveta obele\u017eava se Me\u0111unarodni mesec gitare, posve\u0107en jednom od najpopularnijih i najuticajnijih instrumenata u istoriji muzike. Ovaj mesec pru\u017ea priliku ljubiteljima muzike da slave bogatu tradiciju gitare, ali i da promovi\u0161u njenu raznovrsnu upotrebu u razli\u010ditim muzi\u010dkim \u017eanrovima. Gitara je kroz decenije zauzela centralno mesto u mnogim stilovima \u2013 od klasike i&hellip;<\/p>\n","protected":false},"author":2,"featured_media":30438,"comment_status":"closed","ping_status":"closed","sticky":false,"template":"","format":"standard","meta":{"footnotes":""},"categories":[2],"tags":[],"class_list":["post-30437","post","type-post","status-publish","format-standard","has-post-thumbnail","hentry","category-news","category-2","description-off"],"_links":{"self":[{"href":"https:\/\/radiokfor.com\/2\/wp-json\/wp\/v2\/posts\/30437","targetHints":{"allow":["GET"]}}],"collection":[{"href":"https:\/\/radiokfor.com\/2\/wp-json\/wp\/v2\/posts"}],"about":[{"href":"https:\/\/radiokfor.com\/2\/wp-json\/wp\/v2\/types\/post"}],"author":[{"embeddable":true,"href":"https:\/\/radiokfor.com\/2\/wp-json\/wp\/v2\/users\/2"}],"replies":[{"embeddable":true,"href":"https:\/\/radiokfor.com\/2\/wp-json\/wp\/v2\/comments?post=30437"}],"version-history":[{"count":1,"href":"https:\/\/radiokfor.com\/2\/wp-json\/wp\/v2\/posts\/30437\/revisions"}],"predecessor-version":[{"id":30439,"href":"https:\/\/radiokfor.com\/2\/wp-json\/wp\/v2\/posts\/30437\/revisions\/30439"}],"wp:featuredmedia":[{"embeddable":true,"href":"https:\/\/radiokfor.com\/2\/wp-json\/wp\/v2\/media\/30438"}],"wp:attachment":[{"href":"https:\/\/radiokfor.com\/2\/wp-json\/wp\/v2\/media?parent=30437"}],"wp:term":[{"taxonomy":"category","embeddable":true,"href":"https:\/\/radiokfor.com\/2\/wp-json\/wp\/v2\/categories?post=30437"},{"taxonomy":"post_tag","embeddable":true,"href":"https:\/\/radiokfor.com\/2\/wp-json\/wp\/v2\/tags?post=30437"}],"curies":[{"name":"wp","href":"https:\/\/api.w.org\/{rel}","templated":true}]}}