{"id":30424,"date":"2026-04-27T00:05:25","date_gmt":"2026-04-26T22:05:25","guid":{"rendered":"https:\/\/radiokfor.com\/2\/?p=30424"},"modified":"2026-03-31T13:55:08","modified_gmt":"2026-03-31T11:55:08","slug":"kreativnost-koja-oblikuje-svet","status":"publish","type":"post","link":"https:\/\/radiokfor.com\/2\/kreativnost-koja-oblikuje-svet\/","title":{"rendered":"Kreativnost koja oblikuje svet"},"content":{"rendered":"<p>Svetski dan dizajna obele\u017eava se 27. aprila i posve\u0107en je ulozi dizajna u unapre\u0111enju svakodnevnog \u017eivota. Ovaj datum promovi\u0161e zna\u010daj kreativnosti, inovacija i vizuelne komunikacije u savremenom dru\u0161tvu.<\/p>\n<p>Dizajn danas nije samo estetika \u2013 on uti\u010de na funkcionalnost proizvoda, digitalna iskustva i na\u010din na koji komuniciramo. Od grafi\u010dkog i industrijskog do UX\/UI dizajna, kreativna re\u0161enja poma\u017eu u re\u0161avanju kompleksnih problema i unapre\u0111enju kvaliteta \u017eivota.<\/p>\n<p>Ovaj dan okuplja dizajnere, kompanije i organizacije \u0161irom sveta kroz izlo\u017ebe, radionice i diskusije, sa ciljem razmene ideja i inspiracije.<\/p>\n<p>Svetski dan dizajna podse\u0107a da dobra ideja, uz pravi dizajn, mo\u017ee promeniti na\u010din na koji vidimo i koristimo svet oko sebe.<\/p>\n","protected":false},"excerpt":{"rendered":"<p>Svetski dan dizajna obele\u017eava se 27. aprila i posve\u0107en je ulozi dizajna u unapre\u0111enju svakodnevnog \u017eivota. Ovaj datum promovi\u0161e zna\u010daj kreativnosti, inovacija i vizuelne komunikacije u savremenom dru\u0161tvu. Dizajn danas nije samo estetika \u2013 on uti\u010de na funkcionalnost proizvoda, digitalna iskustva i na\u010din na koji komuniciramo. Od grafi\u010dkog i industrijskog do UX\/UI dizajna, kreativna re\u0161enja&hellip;<\/p>\n","protected":false},"author":11,"featured_media":30425,"comment_status":"closed","ping_status":"closed","sticky":false,"template":"","format":"standard","meta":{"footnotes":""},"categories":[2],"tags":[],"class_list":["post-30424","post","type-post","status-publish","format-standard","has-post-thumbnail","hentry","category-news","category-2","description-off"],"_links":{"self":[{"href":"https:\/\/radiokfor.com\/2\/wp-json\/wp\/v2\/posts\/30424","targetHints":{"allow":["GET"]}}],"collection":[{"href":"https:\/\/radiokfor.com\/2\/wp-json\/wp\/v2\/posts"}],"about":[{"href":"https:\/\/radiokfor.com\/2\/wp-json\/wp\/v2\/types\/post"}],"author":[{"embeddable":true,"href":"https:\/\/radiokfor.com\/2\/wp-json\/wp\/v2\/users\/11"}],"replies":[{"embeddable":true,"href":"https:\/\/radiokfor.com\/2\/wp-json\/wp\/v2\/comments?post=30424"}],"version-history":[{"count":1,"href":"https:\/\/radiokfor.com\/2\/wp-json\/wp\/v2\/posts\/30424\/revisions"}],"predecessor-version":[{"id":30426,"href":"https:\/\/radiokfor.com\/2\/wp-json\/wp\/v2\/posts\/30424\/revisions\/30426"}],"wp:featuredmedia":[{"embeddable":true,"href":"https:\/\/radiokfor.com\/2\/wp-json\/wp\/v2\/media\/30425"}],"wp:attachment":[{"href":"https:\/\/radiokfor.com\/2\/wp-json\/wp\/v2\/media?parent=30424"}],"wp:term":[{"taxonomy":"category","embeddable":true,"href":"https:\/\/radiokfor.com\/2\/wp-json\/wp\/v2\/categories?post=30424"},{"taxonomy":"post_tag","embeddable":true,"href":"https:\/\/radiokfor.com\/2\/wp-json\/wp\/v2\/tags?post=30424"}],"curies":[{"name":"wp","href":"https:\/\/api.w.org\/{rel}","templated":true}]}}