{"id":30388,"date":"2026-03-29T01:01:30","date_gmt":"2026-03-29T00:01:30","guid":{"rendered":"https:\/\/radiokfor.com\/2\/?p=30388"},"modified":"2026-03-26T14:07:55","modified_gmt":"2026-03-26T13:07:55","slug":"ne-zaboravite-da-promenite-sat-pocinje-letnje-racunanje-vremena","status":"publish","type":"post","link":"https:\/\/radiokfor.com\/2\/ne-zaboravite-da-promenite-sat-pocinje-letnje-racunanje-vremena\/","title":{"rendered":"Ne zaboravite da promenite sat: po\u010dinje letnje ra\u010dunanje vremena"},"content":{"rendered":"<p>U no\u0107i izme\u0111u subote i nedelje, 29. i 30. marta, po\u010dinje letnje ra\u010dunanje vremena, kada se kazaljke pomeraju jedan sat unapred. Ta\u010dno u 2:00 \u010dasa, sat se pomera na 3:00, \u0161to zna\u010di da \u0107emo spavati sat vremena kra\u0107e, ali \u0107e dani biti du\u017ei i svetliji.<\/p>\n<p>Ova promena primenjuje se u ve\u0107ini evropskih zemalja, uklju\u010duju\u0107i i zemlje regiona, u skladu sa pravilima Evropske unije. Letnje ra\u010dunanje vremena traje do kraja oktobra, kada se sat ponovo vra\u0107a unazad.<\/p>\n<p>Stru\u010dnjaci savetuju gra\u0111anima da se postepeno prilagode novom ritmu \u2013 ranijim odlaskom na spavanje i boravkom na dnevnom svetlu, kako bi se smanjio ose\u0107aj umora i poreme\u0107aj sna.<\/p>\n<p>Iako se ve\u0107 godinama vodi rasprava o ukidanju sezonskog pomeranja sata, odluka o tome jo\u0161 uvek nije doneta na nivou Evrope.<\/p>\n<p>Gra\u0111anima se preporu\u010duje da na vreme podese svoje satove, naro\u010dito na ure\u0111ajima koji se ne a\u017euriraju automatski, kako bi izbegli zabunu u svakodnevnim obavezama.<\/p>\n<p>&nbsp;<\/p>\n","protected":false},"excerpt":{"rendered":"<p>U no\u0107i izme\u0111u subote i nedelje, 29. i 30. marta, po\u010dinje letnje ra\u010dunanje vremena, kada se kazaljke pomeraju jedan sat unapred. Ta\u010dno u 2:00 \u010dasa, sat se pomera na 3:00, \u0161to zna\u010di da \u0107emo spavati sat vremena kra\u0107e, ali \u0107e dani biti du\u017ei i svetliji. Ova promena primenjuje se u ve\u0107ini evropskih zemalja, uklju\u010duju\u0107i i&hellip;<\/p>\n","protected":false},"author":2,"featured_media":30389,"comment_status":"closed","ping_status":"closed","sticky":false,"template":"","format":"standard","meta":{"footnotes":""},"categories":[2],"tags":[],"class_list":["post-30388","post","type-post","status-publish","format-standard","has-post-thumbnail","hentry","category-news","category-2","description-off"],"_links":{"self":[{"href":"https:\/\/radiokfor.com\/2\/wp-json\/wp\/v2\/posts\/30388","targetHints":{"allow":["GET"]}}],"collection":[{"href":"https:\/\/radiokfor.com\/2\/wp-json\/wp\/v2\/posts"}],"about":[{"href":"https:\/\/radiokfor.com\/2\/wp-json\/wp\/v2\/types\/post"}],"author":[{"embeddable":true,"href":"https:\/\/radiokfor.com\/2\/wp-json\/wp\/v2\/users\/2"}],"replies":[{"embeddable":true,"href":"https:\/\/radiokfor.com\/2\/wp-json\/wp\/v2\/comments?post=30388"}],"version-history":[{"count":1,"href":"https:\/\/radiokfor.com\/2\/wp-json\/wp\/v2\/posts\/30388\/revisions"}],"predecessor-version":[{"id":30390,"href":"https:\/\/radiokfor.com\/2\/wp-json\/wp\/v2\/posts\/30388\/revisions\/30390"}],"wp:featuredmedia":[{"embeddable":true,"href":"https:\/\/radiokfor.com\/2\/wp-json\/wp\/v2\/media\/30389"}],"wp:attachment":[{"href":"https:\/\/radiokfor.com\/2\/wp-json\/wp\/v2\/media?parent=30388"}],"wp:term":[{"taxonomy":"category","embeddable":true,"href":"https:\/\/radiokfor.com\/2\/wp-json\/wp\/v2\/categories?post=30388"},{"taxonomy":"post_tag","embeddable":true,"href":"https:\/\/radiokfor.com\/2\/wp-json\/wp\/v2\/tags?post=30388"}],"curies":[{"name":"wp","href":"https:\/\/api.w.org\/{rel}","templated":true}]}}