{"id":30271,"date":"2026-03-09T06:31:48","date_gmt":"2026-03-09T05:31:48","guid":{"rendered":"https:\/\/radiokfor.com\/2\/?p=30271"},"modified":"2026-03-06T14:10:29","modified_gmt":"2026-03-06T13:10:29","slug":"danas-je-svetski-dan-di-dzejeva","status":"publish","type":"post","link":"https:\/\/radiokfor.com\/2\/danas-je-svetski-dan-di-dzejeva\/","title":{"rendered":"Danas je Svetski dan di-d\u017eejeva"},"content":{"rendered":"<p class=\"isselectedend\"><span style=\"font-size: 14.0pt;\">Svetski dan di-d\u017eejeva obele\u017eava se svakog 9. marta \u0161irom sveta kao dan posve\u0107en umetnosti miksovanja muzike i ljudima koji stoje iza gramofona, plejera i mikseta. Ovaj datum slavi kreativnost, energiju i uticaj koji di-d\u017eejevi imaju na muzi\u010dku industriju, klubsku scenu i publiku.<\/span><\/p>\n<p class=\"isselectedend\"><span style=\"font-size: 14.0pt;\">Ideja o obele\u017eavanju Svetskog dana di-d\u017eejeva pokrenuta je po\u010detkom 2000-ih godina kao humanitarna inicijativa. Tokom ovog dana mnogi klubovi, radio stanice i organizatori doga\u0111aja \u0161irom sveta organizuju \u017eurke i posebne programe, a deo prihoda \u010desto se donira u dobrotvorne svrhe.<\/span><\/p>\n<p class=\"isselectedend\"><span style=\"font-size: 14.0pt;\">Di-d\u017eejevi su kroz decenije postali va\u017ean deo savremene kulture. Od prvih pionira koji su miksovali plo\u010de u klubovima, do dana\u0161njih svetskih zvezda elektronske muzike koje nastupaju pred desetinama hiljada ljudi, njihov uticaj na razvoj muzi\u010dkih trendova je ogroman.<\/span><\/p>\n<p class=\"isselectedend\"><span style=\"font-size: 14.0pt;\">Savremena tehnologija dodatno je promenila ovaj posao, pa danas di-d\u017eejevi koriste digitalne plejere, softvere i produkcijske alate koji omogu\u0107avaju jo\u0161 kreativnije nastupe i produkciju muzike.<\/span><\/p>\n<p class=\"isselectedend\"><span style=\"font-size: 14.0pt;\">Svetski dan di-d\u017eejeva prilika je da se oda priznanje svima koji kroz muziku stvaraju atmosferu na plesnim podijumima, ali i onima koji svojim setovima povezuju ljude razli\u010ditih generacija i kultura.<\/span><\/p>\n","protected":false},"excerpt":{"rendered":"<p>Svetski dan di-d\u017eejeva obele\u017eava se svakog 9. marta \u0161irom sveta kao dan posve\u0107en umetnosti miksovanja muzike i ljudima koji stoje iza gramofona, plejera i mikseta. Ovaj datum slavi kreativnost, energiju i uticaj koji di-d\u017eejevi imaju na muzi\u010dku industriju, klubsku scenu i publiku. Ideja o obele\u017eavanju Svetskog dana di-d\u017eejeva pokrenuta je po\u010detkom 2000-ih godina kao humanitarna&hellip;<\/p>\n","protected":false},"author":2,"featured_media":30272,"comment_status":"closed","ping_status":"closed","sticky":false,"template":"","format":"standard","meta":{"footnotes":""},"categories":[2],"tags":[],"class_list":["post-30271","post","type-post","status-publish","format-standard","has-post-thumbnail","hentry","category-news","category-2","description-off"],"_links":{"self":[{"href":"https:\/\/radiokfor.com\/2\/wp-json\/wp\/v2\/posts\/30271","targetHints":{"allow":["GET"]}}],"collection":[{"href":"https:\/\/radiokfor.com\/2\/wp-json\/wp\/v2\/posts"}],"about":[{"href":"https:\/\/radiokfor.com\/2\/wp-json\/wp\/v2\/types\/post"}],"author":[{"embeddable":true,"href":"https:\/\/radiokfor.com\/2\/wp-json\/wp\/v2\/users\/2"}],"replies":[{"embeddable":true,"href":"https:\/\/radiokfor.com\/2\/wp-json\/wp\/v2\/comments?post=30271"}],"version-history":[{"count":1,"href":"https:\/\/radiokfor.com\/2\/wp-json\/wp\/v2\/posts\/30271\/revisions"}],"predecessor-version":[{"id":30273,"href":"https:\/\/radiokfor.com\/2\/wp-json\/wp\/v2\/posts\/30271\/revisions\/30273"}],"wp:featuredmedia":[{"embeddable":true,"href":"https:\/\/radiokfor.com\/2\/wp-json\/wp\/v2\/media\/30272"}],"wp:attachment":[{"href":"https:\/\/radiokfor.com\/2\/wp-json\/wp\/v2\/media?parent=30271"}],"wp:term":[{"taxonomy":"category","embeddable":true,"href":"https:\/\/radiokfor.com\/2\/wp-json\/wp\/v2\/categories?post=30271"},{"taxonomy":"post_tag","embeddable":true,"href":"https:\/\/radiokfor.com\/2\/wp-json\/wp\/v2\/tags?post=30271"}],"curies":[{"name":"wp","href":"https:\/\/api.w.org\/{rel}","templated":true}]}}