{"id":298,"date":"2018-09-07T16:04:48","date_gmt":"2018-09-07T16:04:48","guid":{"rendered":"http:\/\/radiokfor.com\/2\/?p=298"},"modified":"2018-11-27T16:17:40","modified_gmt":"2018-11-27T16:17:40","slug":"mali-atelje-umetnicko-kreativne-radionice","status":"publish","type":"post","link":"https:\/\/radiokfor.com\/2\/mali-atelje-umetnicko-kreativne-radionice\/","title":{"rendered":"\u2018\u2019Mali atelje\u2019\u2019 umetni\u010dko-kreativne radionice"},"content":{"rendered":"<div>U sklopu galerije \u201eAkvarijus\u201c od novembra 2015. godine radi i \u201eMali atelje\u201c. Za tri godine kroz ovu radionicu pro\u0161lo je preko 150 dece razli\u010ditih uzrasta. Zajedno sa saradnicima u nastavi, Dunjom Veljkovi\u0107 i Jelenom Virijevi\u0107, kreativnu radionicu vodi slikar i psiholog Miljana Dun\u0111erin.\u00a0 Ove godine upis novih i prijavljivanje starih\u00a0 \u010dlanova je od subote 8. septembra od 12 \u010dasova.<\/div>\n<div>O ovogodi\u0161njem upisu i samoj radionici za na\u0161 radio pri\u010da slikar i psiholog ove kreativne radionice Miljana Dun\u0111erin.<\/div>\n<div>\u2018\u2019Sama radionica traje tri sata odr\u017eava se jednom nedeljno, predstavlja skup kreativne gimnastike, kreativnog obrazovanja i kreativnog rada. Sva deca su u prilici da u toku radionice sagledaju neke osnovne informacije iz saznanja iz istorije umetnosti, zatim da budu u toku sa savremenim tokovima stvarala\u0161tva svetskog i na neki na\u010din sagledaju neke osnovne tehnike slikavstva, vajanja, grafike. Koliko god mo\u017eemo trudimo se da ih uklju\u010dimo u sve medije izra\u017eavanja.\u201d<\/div>\n<div>Radionice su zami\u0161ljene tako da svako dete ima priliku da se likovno i umetni\u010dki izrazi, u skladu sa svojim interesovanjima, potpuno slobodno, te da svoju kreativnost razvije, bilo da je re\u010d o formi ili sadr\u017eaju.<\/div>\n<div>Na kraju svake godine polaznicima ove edukativno-kreativne umetni\u010dke radionice, koji su redovno poha\u0111ali nastavu, dodeljuju se unikatne diplome koje osmi\u0161ljavaju i crtaju sami \u010dlanovi \u201eMalog ateljea\u201c, a za najbolje su predvi\u0111ene i nagrade.<\/div>\n<div>\u201cU zavisnosti od godine, od dve do pet izlo\u017ebi se realizuju u toku godine. U toku ovog meseca, ina\u010de po\u0161to nam je to tradicija krajem septembra ili po\u010detkom oktobra zavisno od toga koliko su deca slobodna pravimo grupnu izlo\u017ebu i tom prilikom dodeljujemo diplome.Najbolji polaznici dobijaju nagrade, to je obi\u010dno nagrada koja je u vidu neke literature ili nekog materjala koji oni mogu da koriste.\u201d<\/div>\n","protected":false},"excerpt":{"rendered":"<p>U sklopu galerije \u201eAkvarijus\u201c od novembra 2015. godine radi i \u201eMali atelje\u201c. Za tri godine kroz ovu radionicu pro\u0161lo je preko 150 dece razli\u010ditih uzrasta. Zajedno sa saradnicima u nastavi, Dunjom Veljkovi\u0107 i Jelenom Virijevi\u0107, kreativnu radionicu vodi slikar i psiholog Miljana Dun\u0111erin.\u00a0 Ove godine upis novih i prijavljivanje starih\u00a0 \u010dlanova je od subote 8.&hellip;<\/p>\n","protected":false},"author":2,"featured_media":305,"comment_status":"open","ping_status":"open","sticky":false,"template":"","format":"standard","meta":{"footnotes":""},"categories":[2],"tags":[79],"class_list":["post-298","post","type-post","status-publish","format-standard","has-post-thumbnail","hentry","category-news","tag-mali-atelje","category-2","description-off"],"_links":{"self":[{"href":"https:\/\/radiokfor.com\/2\/wp-json\/wp\/v2\/posts\/298","targetHints":{"allow":["GET"]}}],"collection":[{"href":"https:\/\/radiokfor.com\/2\/wp-json\/wp\/v2\/posts"}],"about":[{"href":"https:\/\/radiokfor.com\/2\/wp-json\/wp\/v2\/types\/post"}],"author":[{"embeddable":true,"href":"https:\/\/radiokfor.com\/2\/wp-json\/wp\/v2\/users\/2"}],"replies":[{"embeddable":true,"href":"https:\/\/radiokfor.com\/2\/wp-json\/wp\/v2\/comments?post=298"}],"version-history":[{"count":1,"href":"https:\/\/radiokfor.com\/2\/wp-json\/wp\/v2\/posts\/298\/revisions"}],"predecessor-version":[{"id":301,"href":"https:\/\/radiokfor.com\/2\/wp-json\/wp\/v2\/posts\/298\/revisions\/301"}],"wp:featuredmedia":[{"embeddable":true,"href":"https:\/\/radiokfor.com\/2\/wp-json\/wp\/v2\/media\/305"}],"wp:attachment":[{"href":"https:\/\/radiokfor.com\/2\/wp-json\/wp\/v2\/media?parent=298"}],"wp:term":[{"taxonomy":"category","embeddable":true,"href":"https:\/\/radiokfor.com\/2\/wp-json\/wp\/v2\/categories?post=298"},{"taxonomy":"post_tag","embeddable":true,"href":"https:\/\/radiokfor.com\/2\/wp-json\/wp\/v2\/tags?post=298"}],"curies":[{"name":"wp","href":"https:\/\/api.w.org\/{rel}","templated":true}]}}