{"id":29729,"date":"2026-01-09T06:00:50","date_gmt":"2026-01-09T05:00:50","guid":{"rendered":"https:\/\/radiokfor.com\/2\/?p=29729"},"modified":"2026-01-08T11:23:32","modified_gmt":"2026-01-08T10:23:32","slug":"medunarodni-dan-koreografa-3","status":"publish","type":"post","link":"https:\/\/radiokfor.com\/2\/medunarodni-dan-koreografa-3\/","title":{"rendered":"Me\u0111unarodni dan koreografa"},"content":{"rendered":"<p>Danas se \u0161irom sveta obele\u017eava Me\u0111unarodni dan koreografa, posve\u0107en ljudima koji svojim kreativnim vizijama i pokretima oblikuju plesnu umetnost. Ovaj dan ima za cilj da istakne zna\u010daj koreografa u kulturi i umetnosti, kao i njihov doprinos inspiraciji i emotivnom izra\u017eaju kroz ples.<\/p>\n<p>U \u010dast ovog dana, plesni ansambli, \u0161kole plesa i kulturne ustanove organizuju predstave, radionice i masterklasove kako bi publici pribli\u017eili proces stvaranja koreografije. Stru\u010dnjaci nagla\u0161avaju da koreografi ne samo da stvaraju plesne kompozicije, ve\u0107 i povezuju ljude kroz pri\u010de koje telo mo\u017ee da ispri\u010da bez re\u010di.<\/p>\n<p>Me\u0111unarodni dan koreografa podse\u0107a da je ples univerzalni jezik i da umetnici pokreta igraju klju\u010dnu ulogu u o\u010duvanju i unapre\u0111enju kulturnog izraza \u0161irom sveta.<\/p>\n","protected":false},"excerpt":{"rendered":"<p>Danas se \u0161irom sveta obele\u017eava Me\u0111unarodni dan koreografa, posve\u0107en ljudima koji svojim kreativnim vizijama i pokretima oblikuju plesnu umetnost. Ovaj dan ima za cilj da istakne zna\u010daj koreografa u kulturi i umetnosti, kao i njihov doprinos inspiraciji i emotivnom izra\u017eaju kroz ples. U \u010dast ovog dana, plesni ansambli, \u0161kole plesa i kulturne ustanove organizuju predstave,&hellip;<\/p>\n","protected":false},"author":13,"featured_media":29730,"comment_status":"closed","ping_status":"closed","sticky":false,"template":"","format":"standard","meta":{"footnotes":""},"categories":[2],"tags":[],"class_list":["post-29729","post","type-post","status-publish","format-standard","has-post-thumbnail","hentry","category-news","category-2","description-off"],"_links":{"self":[{"href":"https:\/\/radiokfor.com\/2\/wp-json\/wp\/v2\/posts\/29729","targetHints":{"allow":["GET"]}}],"collection":[{"href":"https:\/\/radiokfor.com\/2\/wp-json\/wp\/v2\/posts"}],"about":[{"href":"https:\/\/radiokfor.com\/2\/wp-json\/wp\/v2\/types\/post"}],"author":[{"embeddable":true,"href":"https:\/\/radiokfor.com\/2\/wp-json\/wp\/v2\/users\/13"}],"replies":[{"embeddable":true,"href":"https:\/\/radiokfor.com\/2\/wp-json\/wp\/v2\/comments?post=29729"}],"version-history":[{"count":1,"href":"https:\/\/radiokfor.com\/2\/wp-json\/wp\/v2\/posts\/29729\/revisions"}],"predecessor-version":[{"id":29731,"href":"https:\/\/radiokfor.com\/2\/wp-json\/wp\/v2\/posts\/29729\/revisions\/29731"}],"wp:featuredmedia":[{"embeddable":true,"href":"https:\/\/radiokfor.com\/2\/wp-json\/wp\/v2\/media\/29730"}],"wp:attachment":[{"href":"https:\/\/radiokfor.com\/2\/wp-json\/wp\/v2\/media?parent=29729"}],"wp:term":[{"taxonomy":"category","embeddable":true,"href":"https:\/\/radiokfor.com\/2\/wp-json\/wp\/v2\/categories?post=29729"},{"taxonomy":"post_tag","embeddable":true,"href":"https:\/\/radiokfor.com\/2\/wp-json\/wp\/v2\/tags?post=29729"}],"curies":[{"name":"wp","href":"https:\/\/api.w.org\/{rel}","templated":true}]}}