{"id":29687,"date":"2026-01-04T06:45:58","date_gmt":"2026-01-04T05:45:58","guid":{"rendered":"https:\/\/radiokfor.com\/2\/?p=29687"},"modified":"2025-12-30T13:51:49","modified_gmt":"2025-12-30T12:51:49","slug":"svetski-dan-brajevog-pisma-5","status":"publish","type":"post","link":"https:\/\/radiokfor.com\/2\/svetski-dan-brajevog-pisma-5\/","title":{"rendered":"Svetski dan Brajevog pisma"},"content":{"rendered":"<p>Svetski dan Brajevog pisma (World Braille Day) obele\u017eava se 4. januara svake godine i posve\u0107en je podizanju svesti o zna\u010daju Brajevog pisma kao sredstva komunikacije za slepe i osobe sa o\u0161te\u0107enim vidom.<\/p>\n<p>Ovaj me\u0111unarodni dan je proglasila Generalna skup\u0161tina Ujedinjenih nacija u novembru 2018. godine, a prvi put je zvani\u010dno obele\u017een 4. januara 2019. godine. Datum je izabran zato \u0161to je tada ro\u0111en Louis Braille, francuski izumitelj taktilnog sistema \u010ditanja i pisanja koji omogu\u0107ava slepim i slabovidnim osobama pristup obrazovanju, informacijama i literaturi.<\/p>\n<p>Brajevo pismo, zasnovano na uzorcima uzdignutih ta\u010daka, omogu\u0107ava slepim osobama da \u010ditaju i pi\u0161u, podsti\u010du\u0107i njihovu nezavisnost i puno u\u010destvovanje u dru\u0161tvu. Obele\u017eavanje ovog dana podse\u0107a nas da pristup informacijama treba da bude dostupan svima, bez obzira na vizuelne sposobnosti.<\/p>\n","protected":false},"excerpt":{"rendered":"<p>Svetski dan Brajevog pisma (World Braille Day) obele\u017eava se 4. januara svake godine i posve\u0107en je podizanju svesti o zna\u010daju Brajevog pisma kao sredstva komunikacije za slepe i osobe sa o\u0161te\u0107enim vidom. Ovaj me\u0111unarodni dan je proglasila Generalna skup\u0161tina Ujedinjenih nacija u novembru 2018. godine, a prvi put je zvani\u010dno obele\u017een 4. januara 2019. godine.&hellip;<\/p>\n","protected":false},"author":13,"featured_media":29690,"comment_status":"closed","ping_status":"closed","sticky":false,"template":"","format":"standard","meta":{"footnotes":""},"categories":[2],"tags":[],"class_list":["post-29687","post","type-post","status-publish","format-standard","has-post-thumbnail","hentry","category-news","category-2","description-off"],"_links":{"self":[{"href":"https:\/\/radiokfor.com\/2\/wp-json\/wp\/v2\/posts\/29687","targetHints":{"allow":["GET"]}}],"collection":[{"href":"https:\/\/radiokfor.com\/2\/wp-json\/wp\/v2\/posts"}],"about":[{"href":"https:\/\/radiokfor.com\/2\/wp-json\/wp\/v2\/types\/post"}],"author":[{"embeddable":true,"href":"https:\/\/radiokfor.com\/2\/wp-json\/wp\/v2\/users\/13"}],"replies":[{"embeddable":true,"href":"https:\/\/radiokfor.com\/2\/wp-json\/wp\/v2\/comments?post=29687"}],"version-history":[{"count":1,"href":"https:\/\/radiokfor.com\/2\/wp-json\/wp\/v2\/posts\/29687\/revisions"}],"predecessor-version":[{"id":29691,"href":"https:\/\/radiokfor.com\/2\/wp-json\/wp\/v2\/posts\/29687\/revisions\/29691"}],"wp:featuredmedia":[{"embeddable":true,"href":"https:\/\/radiokfor.com\/2\/wp-json\/wp\/v2\/media\/29690"}],"wp:attachment":[{"href":"https:\/\/radiokfor.com\/2\/wp-json\/wp\/v2\/media?parent=29687"}],"wp:term":[{"taxonomy":"category","embeddable":true,"href":"https:\/\/radiokfor.com\/2\/wp-json\/wp\/v2\/categories?post=29687"},{"taxonomy":"post_tag","embeddable":true,"href":"https:\/\/radiokfor.com\/2\/wp-json\/wp\/v2\/tags?post=29687"}],"curies":[{"name":"wp","href":"https:\/\/api.w.org\/{rel}","templated":true}]}}