{"id":29325,"date":"2025-12-10T03:31:18","date_gmt":"2025-12-10T02:31:18","guid":{"rendered":"https:\/\/radiokfor.com\/2\/?p=29325"},"modified":"2025-12-09T10:43:57","modified_gmt":"2025-12-09T09:43:57","slug":"dan-ljudskih-prava-10-decembar","status":"publish","type":"post","link":"https:\/\/radiokfor.com\/2\/dan-ljudskih-prava-10-decembar\/","title":{"rendered":"Dan ljudskih prava -10. decembar"},"content":{"rendered":"<p>Dan ljudskih prava, koji se obele\u017eava svakog 10. decembra, podse\u0107a nas na trenutak u istoriji kada je \u010ditav svet stao iza zajedni\u010dke vizije: da su svi ljudi ro\u0111eni jednaki i slobodni u dostojanstvu i pravima. Na ovaj dan 1948. godine usvojena je Univerzalna deklaracija o ljudskim pravima, jedan od najva\u017enijih dokumenata Ujedinjenih nacija, koji je postao temelj savremenog razumevanja pravde, slobode i mira.<br \/>\nOvaj dan nas ohrabruje da razmislimo o tome koliko smo napredovali, ali i koliko posla jo\u0161 predstoji. I dalje se mnogi ljudi \u0161irom sveta suo\u010davaju sa diskriminacijom, siroma\u0161tvom, nasiljem, ograni\u010denjem slobode izra\u017eavanja i uskra\u0107ivanjem osnovnih prava. Zbog toga Dan ljudskih prava nije samo podse\u0107anje na istoriju, ve\u0107 poziv na akciju &#8211; da zajedno gradimo dru\u0161tva u kojima se po\u0161tuju razli\u010ditosti, neguje solidarnost i gde su prava svakog pojedinca za\u0161ti\u0107ena.<br \/>\nObele\u017eavanje ovog datuma pru\u017ea priliku da se osna\u017ei svest o va\u017enosti obrazovanja o ljudskim pravima, unapredi dijalog i podr\u017ee inicijative koje doprinose jednakosti i pravdi. Svako od nas, kroz svakodnevne postupke, mo\u017ee doprineti boljem i inkluzivnijem svetu.<br \/>\nDan ljudskih prava nas u\u010di da prava nisu privilegija \u2013 ona su univerzalna, neotu\u0111iva i pripadaju svima. Zajedno mo\u017eemo graditi budu\u0107nost u kojoj se po\u0161tovanje ljudskog dostojanstva podrazumeva, a pravda i sloboda su temelji na\u0161eg zajedni\u010dkog \u017eivota.<\/p>\n","protected":false},"excerpt":{"rendered":"<p>Dan ljudskih prava, koji se obele\u017eava svakog 10. decembra, podse\u0107a nas na trenutak u istoriji kada je \u010ditav svet stao iza zajedni\u010dke vizije: da su svi ljudi ro\u0111eni jednaki i slobodni u dostojanstvu i pravima. Na ovaj dan 1948. godine usvojena je Univerzalna deklaracija o ljudskim pravima, jedan od najva\u017enijih dokumenata Ujedinjenih nacija, koji je&hellip;<\/p>\n","protected":false},"author":2,"featured_media":29326,"comment_status":"closed","ping_status":"closed","sticky":false,"template":"","format":"standard","meta":{"footnotes":""},"categories":[2],"tags":[],"class_list":["post-29325","post","type-post","status-publish","format-standard","has-post-thumbnail","hentry","category-news","category-2","description-off"],"_links":{"self":[{"href":"https:\/\/radiokfor.com\/2\/wp-json\/wp\/v2\/posts\/29325","targetHints":{"allow":["GET"]}}],"collection":[{"href":"https:\/\/radiokfor.com\/2\/wp-json\/wp\/v2\/posts"}],"about":[{"href":"https:\/\/radiokfor.com\/2\/wp-json\/wp\/v2\/types\/post"}],"author":[{"embeddable":true,"href":"https:\/\/radiokfor.com\/2\/wp-json\/wp\/v2\/users\/2"}],"replies":[{"embeddable":true,"href":"https:\/\/radiokfor.com\/2\/wp-json\/wp\/v2\/comments?post=29325"}],"version-history":[{"count":1,"href":"https:\/\/radiokfor.com\/2\/wp-json\/wp\/v2\/posts\/29325\/revisions"}],"predecessor-version":[{"id":29327,"href":"https:\/\/radiokfor.com\/2\/wp-json\/wp\/v2\/posts\/29325\/revisions\/29327"}],"wp:featuredmedia":[{"embeddable":true,"href":"https:\/\/radiokfor.com\/2\/wp-json\/wp\/v2\/media\/29326"}],"wp:attachment":[{"href":"https:\/\/radiokfor.com\/2\/wp-json\/wp\/v2\/media?parent=29325"}],"wp:term":[{"taxonomy":"category","embeddable":true,"href":"https:\/\/radiokfor.com\/2\/wp-json\/wp\/v2\/categories?post=29325"},{"taxonomy":"post_tag","embeddable":true,"href":"https:\/\/radiokfor.com\/2\/wp-json\/wp\/v2\/tags?post=29325"}],"curies":[{"name":"wp","href":"https:\/\/api.w.org\/{rel}","templated":true}]}}