{"id":29164,"date":"2025-11-21T11:55:43","date_gmt":"2025-11-21T10:55:43","guid":{"rendered":"https:\/\/radiokfor.com\/2\/?p=29164"},"modified":"2025-11-21T11:55:43","modified_gmt":"2025-11-21T10:55:43","slug":"intervju-radija-kfor-sa-komandantom-kfor-a-general-majorom-ozkanom-ulutasom","status":"publish","type":"post","link":"https:\/\/radiokfor.com\/2\/intervju-radija-kfor-sa-komandantom-kfor-a-general-majorom-ozkanom-ulutasom\/","title":{"rendered":"Intervju radija KFOR sa komandantom KFOR-a general-majorom Ozkanom ULUTA\u0160OM"},"content":{"rendered":"<p>Pre svega, komandante, u ime Radija K4 i svih na\u0161ih slu\u0161alaca, dozvolite mi da Vam po\u017eelim srda\u010dnu dobrodo\u0161licu u povratku na Kosovo.<\/p>\n<p><strong>1. Vi ste prvi komandant KFOR-a koji po drugi put predvodi ovu misiju. \u0160ta Vam ova prilika zna\u010di li\u010dno i profesionalno i kako prethodno iskustvo poma\u017ee u razumevanju trenutne bezbednosne dinamike na Kosovu?<\/strong><\/p>\n<p>Velika mi je \u010dast, ali i duboka odgovornost, \u0161to ponovo slu\u017eim kao komandant KFOR-a. Povratak u ovu misiju omogu\u0107ava mi da se oslonim na iskustvo i odnose koje sam izgradio tokom prethodnog mandata, uz dublje razumevanje promenljive dinamike regiona.<br \/>\nPo\u0161to sam ve\u0107 slu\u017eio ovde, iz prve ruke sam video da stabilnost na Kosovu zavisi od poverenja, dijaloga i saradnje, kao i od kontinuirane posve\u0107enosti na\u0161ih me\u0111unarodnih partnera. Takva perspektiva mi poma\u017ee da se suo\u010dim sa trenutnim izazovima sa realizmom i samopouzdanjem \u2013 realizmom u pogledu slo\u017eenosti okru\u017eenja, i samopouzdanjem u profesionalizam i prilagodljivost KFOR-a.<br \/>\nNa kraju, ova druga prilika nije samo nastavak komandovanja, ve\u0107 obnovljena posve\u0107enost ljudima na Kosovu i trajnoj misiji NATO-a da obezbedi sigurno i bezbedno okru\u017eenje za sve.<br \/>\nOvo imenovanje donosi ose\u0107aj kontinuiteta i potvr\u0111uje \u010dvrstu posve\u0107enost Alijanse regionalnoj stabilnosti. Moje prethodno iskustvo bi\u0107e mi klju\u010dna prednost tokom mog drugog mandata na \u010delu KFOR-a.<\/p>\n<p><strong>2. KFOR je ve\u0107 vi\u0161e od dve decenije klju\u010dni faktor stabilnosti na Kosovu. Iz va\u0161e perspektive, koji su danas glavni prioriteti i izazovi u o\u010duvanju mira i bezbednosti na Kosovu?<\/strong><\/p>\n<p>O\u010duvanje mira i bezbednosti na Kosovu ostaje i prioritet i zajedni\u010dka odgovornost lokalnih institucija, me\u0111unarodnih partnera i samih zajednica.<br \/>\nNa\u0161i glavni prioriteti danas su, pre svega, obezbe\u0111ivanje sigurnog i bezbednog okru\u017eenja za sve ljude, bez obzira na etni\u010dku pripadnost ili poreklo. To podrazumeva spre\u010davanje bilo kakvog rizika od pove\u0107anih tenzija ili nasilja. Podjednako je va\u017eno izgraditi poverenje \u2013 posebno na severu Kosova \u2013 kroz podsticanje dijaloga, inkluzije i saradnje na lokalnom nivou.<br \/>\nIstovremeno se suo\u010davamo sa nekoliko klju\u010dnih izazova. Najslo\u017eeniji je kontinuirana politi\u010dka tenzija, koja je \u010desto povezana sa nere\u0161enim odnosima izme\u0111u Pri\u0161tine i Beograda. Pojedina\u010dni incidenti ili politi\u010dki sporovi mogu brzo eskalirati ako se ne upravlja pa\u017eljivo. Pored toga, dezinformacije i spolja\u0161nji uticaji ponekad potkopavaju napredak i ote\u017eavaju pomirenje. U tako slo\u017eenom, vi\u0161eslojnom okru\u017eenju, koje karakteri\u0161u suprotstavljeni narativi i stavovi, borba protiv dezinformacija, la\u017enih vesti i propagande bi\u0107e klju\u010dni preduslov za ja\u010danje poverenja, kredibiliteta i me\u0111usobnog po\u0161tovanja.<br \/>\nUprkos ovim izazovima, verujem da situacija ostaje mirna, ali krhka, i na\u0161a uloga je da tu stabilnost o\u010duvamo kroz nepristrasnost, saradnju i stalno anga\u017eovanje sa ljudima na Kosovu. Dugoro\u010dni cilj nije samo odr\u017eavanje mira, ve\u0107 izgradnja okru\u017eenja u kojem mir postaje samoodr\u017eiv \u2013 zasnovan na poverenju, inkluziji i me\u0111usobnom po\u0161tovanju.<br \/>\nKao komandant KFOR-a, moj prioritet tokom mandata bi\u0107e sprovo\u0111enje na\u0161e misije o\u010duvanja sigurnog i bezbednog okru\u017eenja za sve ljude na Kosovu.<\/p>\n<p><strong>3. Kako obezbe\u0111ujete da KFOR ostane spreman da efikasno odgovori na sve potencijalne bezbednosne izazove, dok istovremeno nastavlja da podr\u017eava sigurno i bezbedno okru\u017eenje?<\/strong><\/p>\n<p>Spremnost KFOR-a zasniva se na kombinaciji opreznosti, prilagodljivosti i bliske saradnje sa na\u0161im partnerima. Odr\u017eavamo visok nivo operativne spremnosti kroz kontinuiranu obuku, redovne procene i tesnu koordinaciju sa sedi\u0161tem NATO-a i lokalnim institucijama. Na\u0161a multinacionalna struktura pru\u017ea fleksibilnost da se oslonimo na \u0161irok spektar sposobnosti i stru\u010dnosti, \u0161to nam omogu\u0107ava da brzo i proporcionalno odgovorimo na svaki potencijalni izazov.<br \/>\nIstovremeno, spremnost se ne odnosi samo na vojnu poziciju \u2014 ona podrazumeva i razumevanje okru\u017eenja, odr\u017eavanje poverenja sa svim ljudima na Kosovu, kao i obezbe\u0111ivanje otvorene komunikacije sa lokalnim i me\u0111unarodnim akterima.<br \/>\nOva ravnote\u017ea izme\u0111u odvra\u0107anja i dijaloga omogu\u0107ava KFOR-u da efikasno sprovodi svoj mandat, dok nastavlja da podr\u017eava sigurno i bezbedno okru\u017eenje za sve na Kosovu.<br \/>\nVeliku va\u017enost pridajem komunikaciji zasnovanoj na poverenju, saradnji i koordinaciji, kao i delovanju na transparentan i nepristrasan na\u010din, u okviru na\u0161eg mandata. U obavljanju na\u0161ih du\u017enosti i odgovornosti bi\u0107emo odre\u0161ni i odlu\u010dni. Ostajemo posve\u0107eni spre\u010davanju eskalacije, a u slu\u010daju eskalacije, bi\u0107emo spremni da preduzmemo najbezbedniji i najefikasniji odgovor, imaju\u0107i u vidu da je upotreba sile uvek poslednja opcija.<\/p>\n<p><strong>4. Nepristrasan pristup KFOR-a stekao je sna\u017eno poverenje me\u0111u ljudima na Kosovu. Koliko je to poverenje va\u017eno za uspeh misije, i kako planirate da dodatno oja\u010date saradnju sa lokalnim institucijama i ljudima koji \u017eive na Kosovu?<\/strong><\/p>\n<p>Poverenje je temelj uspeha na\u0161e misije. A nepristrasnost je na\u0161e najvrednije sredstvo. Kao komandant, \u010dvrsto verujem da nijedna operacija, bez obzira na njenu veli\u010dinu ili resurse, ne mo\u017ee biti efikasna bez me\u0111usobnog poverenja izme\u0111u na\u0161ih snaga, lokalnih institucija i gra\u0111ana Kosova. To poverenje osigurava ne samo bezbednost, ve\u0107 i legitimitet i prihvatanje na\u0161eg prisustva.<\/p>\n<p>Kako bismo dodatno oja\u010dali ovu saradnju, moj pristup se zasniva na tri principa: transparentnosti, po\u0161tovanju i partnerstvu. Nastavi\u0107emo da otvoreno sara\u0111ujemo sa lokalnim liderima i institucijama, kako bi na\u0161i ciljevi i aktivnosti bili jasno shva\u0107eni i uskla\u0111eni sa potrebama stanovni\u0161tva.<br \/>\nPo\u0161tovanje lokalne kulture, tradicije i osetljivosti osta\u0107e u sredi\u0161tu na\u0161eg svakodnevnog delovanja.<br \/>\nSvaki vojnik pod mojom komandom razume da je sticanje poverenja naroda jednako va\u017eno kao i odr\u017eavanje sigurnosti i bezbednosti na terenu. Poverenje se ne dobija \u2013 ono se gradi, a mi ga gradimo svakodnevno kroz profesionalizam, doslednost i iskrenu posve\u0107enost miru.<br \/>\nKao i tokom mog prethodnog mandata, svoje du\u017enosti \u0107emo obavljati transparentno i nepristrasno, u potpunosti u skladu sa na\u0161im mandatom \u2013 zasnovanim na Rezoluciji 1244 SB UN-a i Vojnotehni\u010dkom sporazumu \u2013 uz po\u0161tovanje vladavine prava i smernica koje dobijamo od nadre\u0111enih komandi, u saradnji i koordinaciji sa svim relevantnim akterima.<\/p>\n<p><strong>5. Gledaju\u0107i unapred, kako vidite budu\u0107u ulogu KFOR-a na Kosovu i koju poruku biste \u017eeleli da uputite svim ljudima o miru, su\u017eivotu i va\u017enosti dijaloga?<\/strong><\/p>\n<p>Vidim da \u0107e uloga KFOR-a nastaviti da se razvija u skladu sa potrebama svih ljudi na Kosovu. Na\u0161a misija ostaje \u010dvrsto utemeljena u na\u0161em mandatu da obezbedimo sigurno i bezbedno okru\u017eenje za sve, bez obzira na poreklo ili uverenja. Iako se bezbednosna situacija tokom godina pobolj\u0161ala, o\u010duvanje mira zahteva stalnu opreznost, nepristrasnost i saradnju sa lokalnim institucijama, me\u0111unarodnim partnerima, i najva\u017enije \u2013 sa samim gra\u0111anima.<br \/>\nMir se ne mo\u017ee nametnuti \u2013 on se mora graditi, iz dana u dan, kroz poverenje i dijalog. Moja poruka svim ljudima na Kosovu je jednostavna, ali klju\u010dna: su\u017eivot po\u010dinje razumevanjem i po\u0161tovanjem. Dijalog nije znak slabosti; on je pokazatelj snage, hrabrosti i mudrosti. Slu\u0161aju\u0107i jedni druge i rade\u0107i zajedno, oblikujete stabilnu i prosperitetnu budu\u0107nost \u2013 onu u kojoj je razli\u010ditost izvor snage, a ne podela.<\/p>\n<p>KFOR \u0107e ostati posve\u0107en, nepristrasan i spreman da podr\u017ei ovaj put \u2013 uvek u slu\u017ebi mira i stabilnosti za sve ljude na Kosovu. Nastavi\u0107emo da delujemo kao jedno, sa sve\u0161\u0107u da smo \u201eZajedno ja\u010di za mir\u201c.<\/p>\n","protected":false},"excerpt":{"rendered":"<p>Pre svega, komandante, u ime Radija K4 i svih na\u0161ih slu\u0161alaca, dozvolite mi da Vam po\u017eelim srda\u010dnu dobrodo\u0161licu u povratku na Kosovo. 1. Vi ste prvi komandant KFOR-a koji po drugi put predvodi ovu misiju. \u0160ta Vam ova prilika zna\u010di li\u010dno i profesionalno i kako prethodno iskustvo poma\u017ee u razumevanju trenutne bezbednosne dinamike na Kosovu?&hellip;<\/p>\n","protected":false},"author":2,"featured_media":29165,"comment_status":"closed","ping_status":"closed","sticky":false,"template":"","format":"standard","meta":{"footnotes":""},"categories":[2],"tags":[],"class_list":["post-29164","post","type-post","status-publish","format-standard","has-post-thumbnail","hentry","category-news","category-2","description-off"],"_links":{"self":[{"href":"https:\/\/radiokfor.com\/2\/wp-json\/wp\/v2\/posts\/29164","targetHints":{"allow":["GET"]}}],"collection":[{"href":"https:\/\/radiokfor.com\/2\/wp-json\/wp\/v2\/posts"}],"about":[{"href":"https:\/\/radiokfor.com\/2\/wp-json\/wp\/v2\/types\/post"}],"author":[{"embeddable":true,"href":"https:\/\/radiokfor.com\/2\/wp-json\/wp\/v2\/users\/2"}],"replies":[{"embeddable":true,"href":"https:\/\/radiokfor.com\/2\/wp-json\/wp\/v2\/comments?post=29164"}],"version-history":[{"count":1,"href":"https:\/\/radiokfor.com\/2\/wp-json\/wp\/v2\/posts\/29164\/revisions"}],"predecessor-version":[{"id":29166,"href":"https:\/\/radiokfor.com\/2\/wp-json\/wp\/v2\/posts\/29164\/revisions\/29166"}],"wp:featuredmedia":[{"embeddable":true,"href":"https:\/\/radiokfor.com\/2\/wp-json\/wp\/v2\/media\/29165"}],"wp:attachment":[{"href":"https:\/\/radiokfor.com\/2\/wp-json\/wp\/v2\/media?parent=29164"}],"wp:term":[{"taxonomy":"category","embeddable":true,"href":"https:\/\/radiokfor.com\/2\/wp-json\/wp\/v2\/categories?post=29164"},{"taxonomy":"post_tag","embeddable":true,"href":"https:\/\/radiokfor.com\/2\/wp-json\/wp\/v2\/tags?post=29164"}],"curies":[{"name":"wp","href":"https:\/\/api.w.org\/{rel}","templated":true}]}}