{"id":29155,"date":"2025-11-21T08:29:45","date_gmt":"2025-11-21T07:29:45","guid":{"rendered":"https:\/\/radiokfor.com\/2\/?p=29155"},"modified":"2025-11-21T08:29:45","modified_gmt":"2025-11-21T07:29:45","slug":"danas-se-obelezava-svetski-dan-televizije","status":"publish","type":"post","link":"https:\/\/radiokfor.com\/2\/danas-se-obelezava-svetski-dan-televizije\/","title":{"rendered":"Danas se obele\u017eava SVETSKI DAN TELEVIZIJE!"},"content":{"rendered":"<p>Svetski dan televizije obele\u017eava se 21. novembra, u znak se\u0107anja na prvi svetski televizijski forum Ujedinjenih nacija, odr\u017ean 1996. godine.<\/p>\n<p>Ovaj dan ne slavi televizor kao tehni\u010dki ure\u0111aj, ve\u0107 televiziju kao simbol komunikacije, kulture i zajedni\u0161tva.<\/p>\n<p>Od svojih po\u010detaka, televizija je bila prozor u svet. Na njenim ekranima smenjivali su se istorijski trenuci \u2013 od prvih koraka \u010doveka na Mesecu, do sportskih rekorda i trenutaka koji su spajali \u010ditave generacije.<\/p>\n<p>Televizija je bila svedok i u\u010desnik epoha koje su oblikovale savremeni svet.<\/p>\n<p>Upravo zbog tog ogromnog uticaja, Ujedinjene nacije su \u017eelele da podsete na mo\u0107 slike i informacije, jer televizija ne prenosi samo vesti, ona prenosi emociju, identitet i pri\u010de koje ostaju.<\/p>\n","protected":false},"excerpt":{"rendered":"<p>Svetski dan televizije obele\u017eava se 21. novembra, u znak se\u0107anja na prvi svetski televizijski forum Ujedinjenih nacija, odr\u017ean 1996. godine. Ovaj dan ne slavi televizor kao tehni\u010dki ure\u0111aj, ve\u0107 televiziju kao simbol komunikacije, kulture i zajedni\u0161tva. Od svojih po\u010detaka, televizija je bila prozor u svet. Na njenim ekranima smenjivali su se istorijski trenuci \u2013 od&hellip;<\/p>\n","protected":false},"author":2,"featured_media":29156,"comment_status":"closed","ping_status":"closed","sticky":false,"template":"","format":"standard","meta":{"footnotes":""},"categories":[2],"tags":[],"class_list":["post-29155","post","type-post","status-publish","format-standard","has-post-thumbnail","hentry","category-news","category-2","description-off"],"_links":{"self":[{"href":"https:\/\/radiokfor.com\/2\/wp-json\/wp\/v2\/posts\/29155","targetHints":{"allow":["GET"]}}],"collection":[{"href":"https:\/\/radiokfor.com\/2\/wp-json\/wp\/v2\/posts"}],"about":[{"href":"https:\/\/radiokfor.com\/2\/wp-json\/wp\/v2\/types\/post"}],"author":[{"embeddable":true,"href":"https:\/\/radiokfor.com\/2\/wp-json\/wp\/v2\/users\/2"}],"replies":[{"embeddable":true,"href":"https:\/\/radiokfor.com\/2\/wp-json\/wp\/v2\/comments?post=29155"}],"version-history":[{"count":2,"href":"https:\/\/radiokfor.com\/2\/wp-json\/wp\/v2\/posts\/29155\/revisions"}],"predecessor-version":[{"id":29158,"href":"https:\/\/radiokfor.com\/2\/wp-json\/wp\/v2\/posts\/29155\/revisions\/29158"}],"wp:featuredmedia":[{"embeddable":true,"href":"https:\/\/radiokfor.com\/2\/wp-json\/wp\/v2\/media\/29156"}],"wp:attachment":[{"href":"https:\/\/radiokfor.com\/2\/wp-json\/wp\/v2\/media?parent=29155"}],"wp:term":[{"taxonomy":"category","embeddable":true,"href":"https:\/\/radiokfor.com\/2\/wp-json\/wp\/v2\/categories?post=29155"},{"taxonomy":"post_tag","embeddable":true,"href":"https:\/\/radiokfor.com\/2\/wp-json\/wp\/v2\/tags?post=29155"}],"curies":[{"name":"wp","href":"https:\/\/api.w.org\/{rel}","templated":true}]}}