{"id":29119,"date":"2025-11-20T00:00:28","date_gmt":"2025-11-19T23:00:28","guid":{"rendered":"https:\/\/radiokfor.com\/2\/?p=29119"},"modified":"2025-11-16T14:35:11","modified_gmt":"2025-11-16T13:35:11","slug":"svetski-dan-filozofije-3","status":"publish","type":"post","link":"https:\/\/radiokfor.com\/2\/svetski-dan-filozofije-3\/","title":{"rendered":"Svetski dan filozofije"},"content":{"rendered":"<p>Svetski dan filozofije obele\u017eava se svake godine tre\u0107eg \u010detvrtka u novembru, pod pokroviteljstvom UNESCO-a, sa ciljem da se podstakne kriti\u010dko mi\u0161ljenje, dijalog i razumevanje me\u0111u ljudima i kulturama. Ove godine ovaj dan nas ponovo podse\u0107a koliko je filozofija va\u017ena za dru\u0161tvo koje se suo\u010dava s brzim tehnolo\u0161kim, kulturnim i dru\u0161tvenim promenama.<br \/>\nFilozofija nas u\u010di da postavljamo pitanja, da preispitujemo sebe i svet oko sebe, ali i da tra\u017eimo smisao, istinu i pravdu. Kroz vekove, mislioci su svojim idejama oblikovali nauku, umetnost, politiku i kulturu, pokazuju\u0107i da je razmi\u0161ljanje temelj svakog napretka.<br \/>\nUNESCO nagla\u0161ava da filozofija ima klju\u010dnu ulogu u izgradnji mira i tolerancije \u2013 jer kroz dijalog i razumevanje razli\u010ditih pogleda na svet, razvijamo empatiju i po\u0161tovanje prema drugima. U vremenu kada se informacije \u0161ire br\u017ee nego ikada, filozofsko promi\u0161ljanje poma\u017ee da razlikujemo \u010dinjenice od mi\u0161ljenja i da donosimo mudrije odluke.<br \/>\nSvetski dan filozofije prilika je da zastanemo i razmislimo \u2013 o sebi, o svetu i o vrednostima koje \u017eelimo da negujemo.<\/p>\n<p>\u201eRazmi\u0161ljaj, razgovaraj, razumi \u2013 filozofija po\u010dinje pitanjem.\u201c<\/p>\n","protected":false},"excerpt":{"rendered":"<p>Svetski dan filozofije obele\u017eava se svake godine tre\u0107eg \u010detvrtka u novembru, pod pokroviteljstvom UNESCO-a, sa ciljem da se podstakne kriti\u010dko mi\u0161ljenje, dijalog i razumevanje me\u0111u ljudima i kulturama. Ove godine ovaj dan nas ponovo podse\u0107a koliko je filozofija va\u017ena za dru\u0161tvo koje se suo\u010dava s brzim tehnolo\u0161kim, kulturnim i dru\u0161tvenim promenama. Filozofija nas u\u010di da&hellip;<\/p>\n","protected":false},"author":2,"featured_media":29120,"comment_status":"closed","ping_status":"closed","sticky":false,"template":"","format":"standard","meta":{"footnotes":""},"categories":[2],"tags":[],"class_list":["post-29119","post","type-post","status-publish","format-standard","has-post-thumbnail","hentry","category-news","category-2","description-off"],"_links":{"self":[{"href":"https:\/\/radiokfor.com\/2\/wp-json\/wp\/v2\/posts\/29119","targetHints":{"allow":["GET"]}}],"collection":[{"href":"https:\/\/radiokfor.com\/2\/wp-json\/wp\/v2\/posts"}],"about":[{"href":"https:\/\/radiokfor.com\/2\/wp-json\/wp\/v2\/types\/post"}],"author":[{"embeddable":true,"href":"https:\/\/radiokfor.com\/2\/wp-json\/wp\/v2\/users\/2"}],"replies":[{"embeddable":true,"href":"https:\/\/radiokfor.com\/2\/wp-json\/wp\/v2\/comments?post=29119"}],"version-history":[{"count":1,"href":"https:\/\/radiokfor.com\/2\/wp-json\/wp\/v2\/posts\/29119\/revisions"}],"predecessor-version":[{"id":29121,"href":"https:\/\/radiokfor.com\/2\/wp-json\/wp\/v2\/posts\/29119\/revisions\/29121"}],"wp:featuredmedia":[{"embeddable":true,"href":"https:\/\/radiokfor.com\/2\/wp-json\/wp\/v2\/media\/29120"}],"wp:attachment":[{"href":"https:\/\/radiokfor.com\/2\/wp-json\/wp\/v2\/media?parent=29119"}],"wp:term":[{"taxonomy":"category","embeddable":true,"href":"https:\/\/radiokfor.com\/2\/wp-json\/wp\/v2\/categories?post=29119"},{"taxonomy":"post_tag","embeddable":true,"href":"https:\/\/radiokfor.com\/2\/wp-json\/wp\/v2\/tags?post=29119"}],"curies":[{"name":"wp","href":"https:\/\/api.w.org\/{rel}","templated":true}]}}