{"id":29067,"date":"2025-11-11T12:25:22","date_gmt":"2025-11-11T11:25:22","guid":{"rendered":"https:\/\/radiokfor.com\/2\/?p=29067"},"modified":"2025-11-11T12:22:58","modified_gmt":"2025-11-11T11:22:58","slug":"obelezava-se-svetska-nedelja-komunikacije-dijalog-koji-povezuje-svet","status":"publish","type":"post","link":"https:\/\/radiokfor.com\/2\/obelezava-se-svetska-nedelja-komunikacije-dijalog-koji-povezuje-svet\/","title":{"rendered":"Obele\u017eava se Svetska nedelja komunikacije \u2013 dijalog koji povezuje svet"},"content":{"rendered":"<p>Svetska nedelja komunikacije, koja se ove godne obele\u017eava od 10. do 14.novembra, prilika je da se podsetimo koliko su otvoren dijalog, razumevanje i me\u0111usobno po\u0161tovanje va\u017eni za izgradnju povezanijeg dru\u0161tva. U vremenu kada informacije putuju br\u017ee nego ikada, kvalitetna komunikacija postaje klju\u010d uspe\u0161nih odnosa \u2013 u porodici, poslu, obrazovanju i zajednici.<\/p>\n<p>Ovogodi\u0161nja poruka \u201e<strong>Razgovor menja sve<\/strong>\u201c podse\u0107a nas da svaka re\u010d ima mo\u0107 da inspiri\u0161e, ujedini ili razre\u0161i nesporazum. Kroz razli\u010dite radionice, panel diskusije i kampanje \u0161irom sveta, organizacije i pojedinci promovi\u0161u va\u017enost aktivnog slu\u0161anja, empatije i digitalne pismenosti.<\/p>\n<p>Cilj obele\u017eavanja ove nedelje je podsta\u0107i sve ljude da komuniciraju s pa\u017enjom i po\u0161tovanjem \u2013 bilo u\u017eivo, bilo u digitalnom prostoru. Jer, samo kroz razumevanje razli\u010ditih perspektiva mo\u017eemo graditi mostove, a ne zidove.<\/p>\n","protected":false},"excerpt":{"rendered":"<p>Svetska nedelja komunikacije, koja se ove godne obele\u017eava od 10. do 14.novembra, prilika je da se podsetimo koliko su otvoren dijalog, razumevanje i me\u0111usobno po\u0161tovanje va\u017eni za izgradnju povezanijeg dru\u0161tva. U vremenu kada informacije putuju br\u017ee nego ikada, kvalitetna komunikacija postaje klju\u010d uspe\u0161nih odnosa \u2013 u porodici, poslu, obrazovanju i zajednici. Ovogodi\u0161nja poruka \u201eRazgovor menja&hellip;<\/p>\n","protected":false},"author":2,"featured_media":29068,"comment_status":"closed","ping_status":"closed","sticky":false,"template":"","format":"standard","meta":{"footnotes":""},"categories":[2],"tags":[],"class_list":["post-29067","post","type-post","status-publish","format-standard","has-post-thumbnail","hentry","category-news","category-2","description-off"],"_links":{"self":[{"href":"https:\/\/radiokfor.com\/2\/wp-json\/wp\/v2\/posts\/29067","targetHints":{"allow":["GET"]}}],"collection":[{"href":"https:\/\/radiokfor.com\/2\/wp-json\/wp\/v2\/posts"}],"about":[{"href":"https:\/\/radiokfor.com\/2\/wp-json\/wp\/v2\/types\/post"}],"author":[{"embeddable":true,"href":"https:\/\/radiokfor.com\/2\/wp-json\/wp\/v2\/users\/2"}],"replies":[{"embeddable":true,"href":"https:\/\/radiokfor.com\/2\/wp-json\/wp\/v2\/comments?post=29067"}],"version-history":[{"count":1,"href":"https:\/\/radiokfor.com\/2\/wp-json\/wp\/v2\/posts\/29067\/revisions"}],"predecessor-version":[{"id":29069,"href":"https:\/\/radiokfor.com\/2\/wp-json\/wp\/v2\/posts\/29067\/revisions\/29069"}],"wp:featuredmedia":[{"embeddable":true,"href":"https:\/\/radiokfor.com\/2\/wp-json\/wp\/v2\/media\/29068"}],"wp:attachment":[{"href":"https:\/\/radiokfor.com\/2\/wp-json\/wp\/v2\/media?parent=29067"}],"wp:term":[{"taxonomy":"category","embeddable":true,"href":"https:\/\/radiokfor.com\/2\/wp-json\/wp\/v2\/categories?post=29067"},{"taxonomy":"post_tag","embeddable":true,"href":"https:\/\/radiokfor.com\/2\/wp-json\/wp\/v2\/tags?post=29067"}],"curies":[{"name":"wp","href":"https:\/\/api.w.org\/{rel}","templated":true}]}}