{"id":29041,"date":"2025-11-10T11:50:11","date_gmt":"2025-11-10T10:50:11","guid":{"rendered":"https:\/\/radiokfor.com\/2\/?p=29041"},"modified":"2025-11-10T11:50:11","modified_gmt":"2025-11-10T10:50:11","slug":"snaga-dobrote-ovogodisnja-tema-nedelje-borbe-protiv-vrsnjackog-nasilja","status":"publish","type":"post","link":"https:\/\/radiokfor.com\/2\/snaga-dobrote-ovogodisnja-tema-nedelje-borbe-protiv-vrsnjackog-nasilja\/","title":{"rendered":"\u201cSnaga dobrote\u201d ovogodi\u0161nja tema Nedelje borbe protiv vr\u0161nja\u010dkog nasilja"},"content":{"rendered":"<p>Svake godine u novembru \u0161irom sveta obele\u017eava se <em>Nedelja borbe protiv vr\u0161nja\u010dkog nasilja<\/em> \u2013 vreme kada se podse\u0107amo koliko su va\u017ene empatija, po\u0161tovanje i hrabrost da se suprotstavimo nasilju. Ovogodi\u0161nja tema glasi \u201eSnaga dobrote\u201c, jer upravo dobrota ima mo\u0107 da promeni svet.<\/p>\n<p>Cilj kampanje je da ohrabri decu, mlade i odrasle da prepoznaju i prijave nasilje, bilo da se ono de\u0161ava u \u0161koli, na internetu ili u svakodnevnim situacijama. Svaka podr\u0161ka, svaka lepa re\u010d i svaki gest razumevanja mogu napraviti razliku.<\/p>\n<p>Tokom Nedelje borbe protiv vr\u0161nja\u010dkog nasilja, \u0161kole i zajednice \u0161irom sveta organizuju radionice, akcije i doga\u0111aje koji promovi\u0161u prijateljstvo, solidarnost i toleranciju.<\/p>\n<p>Ovaj period nas podse\u0107a da re\u010di imaju mo\u0107 \u2013 mogu da povrede, ali i da izle\u010de. Zato biraj re\u010di koje grade, a ne one koje ru\u0161e. Jer dobrota nije slabost, ve\u0107 najja\u010de oru\u017eje protiv nasilja.<\/p>\n","protected":false},"excerpt":{"rendered":"<p>Svake godine u novembru \u0161irom sveta obele\u017eava se Nedelja borbe protiv vr\u0161nja\u010dkog nasilja \u2013 vreme kada se podse\u0107amo koliko su va\u017ene empatija, po\u0161tovanje i hrabrost da se suprotstavimo nasilju. Ovogodi\u0161nja tema glasi \u201eSnaga dobrote\u201c, jer upravo dobrota ima mo\u0107 da promeni svet. Cilj kampanje je da ohrabri decu, mlade i odrasle da prepoznaju i prijave&hellip;<\/p>\n","protected":false},"author":2,"featured_media":29042,"comment_status":"closed","ping_status":"closed","sticky":false,"template":"","format":"standard","meta":{"footnotes":""},"categories":[2],"tags":[],"class_list":["post-29041","post","type-post","status-publish","format-standard","has-post-thumbnail","hentry","category-news","category-2","description-off"],"_links":{"self":[{"href":"https:\/\/radiokfor.com\/2\/wp-json\/wp\/v2\/posts\/29041","targetHints":{"allow":["GET"]}}],"collection":[{"href":"https:\/\/radiokfor.com\/2\/wp-json\/wp\/v2\/posts"}],"about":[{"href":"https:\/\/radiokfor.com\/2\/wp-json\/wp\/v2\/types\/post"}],"author":[{"embeddable":true,"href":"https:\/\/radiokfor.com\/2\/wp-json\/wp\/v2\/users\/2"}],"replies":[{"embeddable":true,"href":"https:\/\/radiokfor.com\/2\/wp-json\/wp\/v2\/comments?post=29041"}],"version-history":[{"count":1,"href":"https:\/\/radiokfor.com\/2\/wp-json\/wp\/v2\/posts\/29041\/revisions"}],"predecessor-version":[{"id":29043,"href":"https:\/\/radiokfor.com\/2\/wp-json\/wp\/v2\/posts\/29041\/revisions\/29043"}],"wp:featuredmedia":[{"embeddable":true,"href":"https:\/\/radiokfor.com\/2\/wp-json\/wp\/v2\/media\/29042"}],"wp:attachment":[{"href":"https:\/\/radiokfor.com\/2\/wp-json\/wp\/v2\/media?parent=29041"}],"wp:term":[{"taxonomy":"category","embeddable":true,"href":"https:\/\/radiokfor.com\/2\/wp-json\/wp\/v2\/categories?post=29041"},{"taxonomy":"post_tag","embeddable":true,"href":"https:\/\/radiokfor.com\/2\/wp-json\/wp\/v2\/tags?post=29041"}],"curies":[{"name":"wp","href":"https:\/\/api.w.org\/{rel}","templated":true}]}}