{"id":2858,"date":"2019-01-29T07:02:21","date_gmt":"2019-01-29T07:02:21","guid":{"rendered":"http:\/\/radiokfor.com\/2\/?p=2858"},"modified":"2019-01-29T10:34:08","modified_gmt":"2019-01-29T10:34:08","slug":"konsultativni-sastanak-povodom-pocetka-rada-skole-baleta-u-silovu","status":"publish","type":"post","link":"https:\/\/radiokfor.com\/2\/konsultativni-sastanak-povodom-pocetka-rada-skole-baleta-u-silovu\/","title":{"rendered":"Konsultativni sastanak povodom po\u010detka rada \u0161kole baleta u \u0160ilovu"},"content":{"rendered":"<p>Nakon Gra\u010danice, \u0161kola baleta, bi\u0107e otvorena i u \u0160ilovu te povodom po\u010detka rada iste, poznati umetnik i pedagog Lidija Rako\u010devi\u0107 Pavlovi\u0107 iz Beograda, odr\u017ea\u0107e konsultativni sastanak sa zainteresovanim roditeljima \u010dija \u0107e deca u\u010diti osnovne pokrete klasi\u010dnog baleta.<\/p>\n<p>Devoj\u010dice izrasta od 4 do 10 godina, ve\u0107 od po\u010detka marta, bi\u0107e deo \u0161kole baleta koja je nastala sa idejom da pribli\u017ei umetnost i ples na jedan kreativan i interasantan na\u010din, kako bi se polaznicima na \u0161to verodostojniji na\u010din prili\u017eila lepota i vrednost baletske umetnosti.<\/p>\n<p>Sastanak povodom po\u010detka rada \u0161kole baleta u \u0160ilovu bi\u0107e odr\u017ean u Maloj Sali Kulturno-prosvetnog centra \u201eBo\u017eidar Mitrovi\u0107 \u0160andor\u201c u utorak, 29. januara 2019. godine od 12 \u010dasova.<\/p>\n","protected":false},"excerpt":{"rendered":"<p>Nakon Gra\u010danice, \u0161kola baleta, bi\u0107e otvorena i u \u0160ilovu te povodom po\u010detka rada iste, poznati umetnik i pedagog Lidija Rako\u010devi\u0107 Pavlovi\u0107 iz Beograda, odr\u017ea\u0107e konsultativni sastanak sa zainteresovanim roditeljima \u010dija \u0107e deca u\u010diti osnovne pokrete klasi\u010dnog baleta. Devoj\u010dice izrasta od 4 do 10 godina, ve\u0107 od po\u010detka marta, bi\u0107e deo \u0161kole baleta koja je nastala&hellip;<\/p>\n","protected":false},"author":2,"featured_media":2332,"comment_status":"closed","ping_status":"closed","sticky":false,"template":"","format":"standard","meta":{"footnotes":""},"categories":[2],"tags":[114,325],"class_list":["post-2858","post","type-post","status-publish","format-standard","has-post-thumbnail","hentry","category-news","tag-silovo","tag-skola-baleta","category-2","description-off"],"_links":{"self":[{"href":"https:\/\/radiokfor.com\/2\/wp-json\/wp\/v2\/posts\/2858","targetHints":{"allow":["GET"]}}],"collection":[{"href":"https:\/\/radiokfor.com\/2\/wp-json\/wp\/v2\/posts"}],"about":[{"href":"https:\/\/radiokfor.com\/2\/wp-json\/wp\/v2\/types\/post"}],"author":[{"embeddable":true,"href":"https:\/\/radiokfor.com\/2\/wp-json\/wp\/v2\/users\/2"}],"replies":[{"embeddable":true,"href":"https:\/\/radiokfor.com\/2\/wp-json\/wp\/v2\/comments?post=2858"}],"version-history":[{"count":2,"href":"https:\/\/radiokfor.com\/2\/wp-json\/wp\/v2\/posts\/2858\/revisions"}],"predecessor-version":[{"id":2862,"href":"https:\/\/radiokfor.com\/2\/wp-json\/wp\/v2\/posts\/2858\/revisions\/2862"}],"wp:featuredmedia":[{"embeddable":true,"href":"https:\/\/radiokfor.com\/2\/wp-json\/wp\/v2\/media\/2332"}],"wp:attachment":[{"href":"https:\/\/radiokfor.com\/2\/wp-json\/wp\/v2\/media?parent=2858"}],"wp:term":[{"taxonomy":"category","embeddable":true,"href":"https:\/\/radiokfor.com\/2\/wp-json\/wp\/v2\/categories?post=2858"},{"taxonomy":"post_tag","embeddable":true,"href":"https:\/\/radiokfor.com\/2\/wp-json\/wp\/v2\/tags?post=2858"}],"curies":[{"name":"wp","href":"https:\/\/api.w.org\/{rel}","templated":true}]}}