{"id":28498,"date":"2025-09-04T15:13:36","date_gmt":"2025-09-04T13:13:36","guid":{"rendered":"https:\/\/radiokfor.com\/2\/?p=28498"},"modified":"2025-09-04T15:16:07","modified_gmt":"2025-09-04T13:16:07","slug":"septembar-mesec-klasicne-muzike","status":"publish","type":"post","link":"https:\/\/radiokfor.com\/2\/septembar-mesec-klasicne-muzike\/","title":{"rendered":"Septembar mesec klasi\u010dne muzike"},"content":{"rendered":"<p>Septembar se \u0161irom sveta obele\u017eava kao Mesec klasi\u010dne muzike, sa ciljem da se istakne zna\u010daj ovog muzi\u010dkog \u017eanra koji je vekovima oblikovao umetni\u010dki izraz i kulturnu ba\u0161tinu \u010dove\u010danstva.<\/p>\n<p>Tokom ovog meseca, organizuju se brojni koncerti, edukativne radionice, promocije i javne probe u filharmonijama i muzi\u010dkim \u0161kolama. Mnoge kulturne ustanove otvaraju vrata publici kroz posebne programe, a mediji daju dodatni prostor klasi\u010dnim delima i kompozitorima poput Mocarta, Betovena, Baha i \u010cajkovskog.<\/p>\n<p>Klasi\u010dna muzika, osim \u0161to ima neprolaznu umetni\u010dku vrednost, dokazano uti\u010de na pobolj\u0161anje koncentracije, razvijanje emocionalne inteligencije i smanjenje stresa. U eri brzih informacija i digitalne buke, upravo klasi\u010dna muzika pru\u017ea prostor za ti\u0161inu, kontemplaciju i duboko slu\u0161anje.<\/p>\n<p>&nbsp;<\/p>\n","protected":false},"excerpt":{"rendered":"<p>Septembar se \u0161irom sveta obele\u017eava kao Mesec klasi\u010dne muzike, sa ciljem da se istakne zna\u010daj ovog muzi\u010dkog \u017eanra koji je vekovima oblikovao umetni\u010dki izraz i kulturnu ba\u0161tinu \u010dove\u010danstva. Tokom ovog meseca, organizuju se brojni koncerti, edukativne radionice, promocije i javne probe u filharmonijama i muzi\u010dkim \u0161kolama. Mnoge kulturne ustanove otvaraju vrata publici kroz posebne programe,&hellip;<\/p>\n","protected":false},"author":6,"featured_media":28503,"comment_status":"closed","ping_status":"closed","sticky":false,"template":"","format":"standard","meta":{"footnotes":""},"categories":[2],"tags":[],"class_list":["post-28498","post","type-post","status-publish","format-standard","has-post-thumbnail","hentry","category-news","category-2","description-off"],"_links":{"self":[{"href":"https:\/\/radiokfor.com\/2\/wp-json\/wp\/v2\/posts\/28498","targetHints":{"allow":["GET"]}}],"collection":[{"href":"https:\/\/radiokfor.com\/2\/wp-json\/wp\/v2\/posts"}],"about":[{"href":"https:\/\/radiokfor.com\/2\/wp-json\/wp\/v2\/types\/post"}],"author":[{"embeddable":true,"href":"https:\/\/radiokfor.com\/2\/wp-json\/wp\/v2\/users\/6"}],"replies":[{"embeddable":true,"href":"https:\/\/radiokfor.com\/2\/wp-json\/wp\/v2\/comments?post=28498"}],"version-history":[{"count":1,"href":"https:\/\/radiokfor.com\/2\/wp-json\/wp\/v2\/posts\/28498\/revisions"}],"predecessor-version":[{"id":28500,"href":"https:\/\/radiokfor.com\/2\/wp-json\/wp\/v2\/posts\/28498\/revisions\/28500"}],"wp:featuredmedia":[{"embeddable":true,"href":"https:\/\/radiokfor.com\/2\/wp-json\/wp\/v2\/media\/28503"}],"wp:attachment":[{"href":"https:\/\/radiokfor.com\/2\/wp-json\/wp\/v2\/media?parent=28498"}],"wp:term":[{"taxonomy":"category","embeddable":true,"href":"https:\/\/radiokfor.com\/2\/wp-json\/wp\/v2\/categories?post=28498"},{"taxonomy":"post_tag","embeddable":true,"href":"https:\/\/radiokfor.com\/2\/wp-json\/wp\/v2\/tags?post=28498"}],"curies":[{"name":"wp","href":"https:\/\/api.w.org\/{rel}","templated":true}]}}