{"id":28398,"date":"2025-08-25T10:39:58","date_gmt":"2025-08-25T08:39:58","guid":{"rendered":"https:\/\/radiokfor.com\/2\/?p=28398"},"modified":"2025-08-25T10:39:58","modified_gmt":"2025-08-25T08:39:58","slug":"svetska-nedelja-vode-24-28-avgust-2025","status":"publish","type":"post","link":"https:\/\/radiokfor.com\/2\/svetska-nedelja-vode-24-28-avgust-2025\/","title":{"rendered":"Svetska nedelja vode (24-28. avgust 2025.)"},"content":{"rendered":"<p>U periodu od 24. do 28. avgusta \u0161irom sveta obele\u017eava se Svetska nedelja vode, globalni doga\u0111aj posve\u0107en va\u017enosti o\u010duvanja i odr\u017eivog kori\u0161\u0107enja vodnih resursa. Ova manifestacija, koju tradicionalno organizuje Stockholm International Water Institute (SIWI), okuplja stru\u010dnjake, donosioca odluka, predstavnike organizacija i gra\u0111ane sa ciljem podizanja svesti o ulozi vode u razvoju dru\u0161tava i za\u0161titi planete.<\/p>\n<p>Prema podacima Ujedinjenih nacija, gotovo dve milijarde ljudi \u0161irom sveta i dalje nema pristup bezbednoj vodi za pi\u0107e, dok vi\u0161e od 3,6 milijardi ljudi \u017eivi u regionima sa ozbiljnim nesta\u0161icama vode najmanje jednom godi\u0161nje.<\/p>\n<p>Stru\u010dnjaci upozoravaju da \u0107e, ukoliko se ne preduzmu konkretni koraci, voda postajati sve \u010de\u0161\u0107i uzrok konflikata i humanitarnih kriza. Upravo zato, tokom Svetske nedelje vode organizuju se konferencije, paneli, edukativne radionice i kampanje sa ciljem razmene znanja i pokretanja konkretnih akcija.<\/p>\n<p>Pored globalnih doga\u0111aja, i mnoge lokalne zajednice u\u010destvuju u obele\u017eavanju \u2013 kroz \u010di\u0161\u0107enje reka, promociju \u0161tednje vode, izlo\u017ebe i radionice u \u0161kolama i institucijama.<\/p>\n<p>Svetska nedelja vode je prilika da se svi podsetimo da je voda osnovni resurs za \u017eivot i razvoj, ali i odgovornost koju delimo \u2013 od pojedinaca do me\u0111unarodnih institucija.<\/p>\n","protected":false},"excerpt":{"rendered":"<p>U periodu od 24. do 28. avgusta \u0161irom sveta obele\u017eava se Svetska nedelja vode, globalni doga\u0111aj posve\u0107en va\u017enosti o\u010duvanja i odr\u017eivog kori\u0161\u0107enja vodnih resursa. Ova manifestacija, koju tradicionalno organizuje Stockholm International Water Institute (SIWI), okuplja stru\u010dnjake, donosioca odluka, predstavnike organizacija i gra\u0111ane sa ciljem podizanja svesti o ulozi vode u razvoju dru\u0161tava i za\u0161titi planete.&hellip;<\/p>\n","protected":false},"author":2,"featured_media":28399,"comment_status":"closed","ping_status":"closed","sticky":false,"template":"","format":"standard","meta":{"footnotes":""},"categories":[2],"tags":[],"class_list":["post-28398","post","type-post","status-publish","format-standard","has-post-thumbnail","hentry","category-news","category-2","description-off"],"_links":{"self":[{"href":"https:\/\/radiokfor.com\/2\/wp-json\/wp\/v2\/posts\/28398","targetHints":{"allow":["GET"]}}],"collection":[{"href":"https:\/\/radiokfor.com\/2\/wp-json\/wp\/v2\/posts"}],"about":[{"href":"https:\/\/radiokfor.com\/2\/wp-json\/wp\/v2\/types\/post"}],"author":[{"embeddable":true,"href":"https:\/\/radiokfor.com\/2\/wp-json\/wp\/v2\/users\/2"}],"replies":[{"embeddable":true,"href":"https:\/\/radiokfor.com\/2\/wp-json\/wp\/v2\/comments?post=28398"}],"version-history":[{"count":1,"href":"https:\/\/radiokfor.com\/2\/wp-json\/wp\/v2\/posts\/28398\/revisions"}],"predecessor-version":[{"id":28400,"href":"https:\/\/radiokfor.com\/2\/wp-json\/wp\/v2\/posts\/28398\/revisions\/28400"}],"wp:featuredmedia":[{"embeddable":true,"href":"https:\/\/radiokfor.com\/2\/wp-json\/wp\/v2\/media\/28399"}],"wp:attachment":[{"href":"https:\/\/radiokfor.com\/2\/wp-json\/wp\/v2\/media?parent=28398"}],"wp:term":[{"taxonomy":"category","embeddable":true,"href":"https:\/\/radiokfor.com\/2\/wp-json\/wp\/v2\/categories?post=28398"},{"taxonomy":"post_tag","embeddable":true,"href":"https:\/\/radiokfor.com\/2\/wp-json\/wp\/v2\/tags?post=28398"}],"curies":[{"name":"wp","href":"https:\/\/api.w.org\/{rel}","templated":true}]}}