{"id":28320,"date":"2025-08-21T00:01:45","date_gmt":"2025-08-20T22:01:45","guid":{"rendered":"https:\/\/radiokfor.com\/2\/?p=28320"},"modified":"2025-08-12T16:31:46","modified_gmt":"2025-08-12T14:31:46","slug":"dan-pesnika","status":"publish","type":"post","link":"https:\/\/radiokfor.com\/2\/dan-pesnika\/","title":{"rendered":"Dan pesnika"},"content":{"rendered":"<p>Danas se obele\u017eava Dan pesnika, posve\u0107en svima koji stvaraju i vole poeziju. Ovaj dan je prilika da se oda priznanje onima koji kroz stihove izra\u017eavaju emocije, snove i \u017eivotna iskustva.<\/p>\n<p>Poezija nas povezuje, inspiri\u0161e i podse\u0107a na lepotu izraza i mo\u0107 ma\u0161te. Dan pesnika u avgustu poziva sve da zavire u svet poezije, bilo da pi\u0161u ili \u010ditaju stihove, i da kroz umetnost prona\u0111u svoj glas i inspiraciju.<\/p>\n<p>Ovaj dan je podsetnik koliko su pesnici va\u017eni za o\u010duvanje kulture i bogatstva jezika, i koliko nas njihova dela mogu podsta\u0107i da bolje razumemo sebe i svet oko nas.<\/p>\n","protected":false},"excerpt":{"rendered":"<p>Danas se obele\u017eava Dan pesnika, posve\u0107en svima koji stvaraju i vole poeziju. Ovaj dan je prilika da se oda priznanje onima koji kroz stihove izra\u017eavaju emocije, snove i \u017eivotna iskustva. Poezija nas povezuje, inspiri\u0161e i podse\u0107a na lepotu izraza i mo\u0107 ma\u0161te. Dan pesnika u avgustu poziva sve da zavire u svet poezije, bilo da&hellip;<\/p>\n","protected":false},"author":7,"featured_media":28321,"comment_status":"closed","ping_status":"closed","sticky":false,"template":"","format":"standard","meta":{"footnotes":""},"categories":[2],"tags":[],"class_list":["post-28320","post","type-post","status-publish","format-standard","has-post-thumbnail","hentry","category-news","category-2","description-off"],"_links":{"self":[{"href":"https:\/\/radiokfor.com\/2\/wp-json\/wp\/v2\/posts\/28320","targetHints":{"allow":["GET"]}}],"collection":[{"href":"https:\/\/radiokfor.com\/2\/wp-json\/wp\/v2\/posts"}],"about":[{"href":"https:\/\/radiokfor.com\/2\/wp-json\/wp\/v2\/types\/post"}],"author":[{"embeddable":true,"href":"https:\/\/radiokfor.com\/2\/wp-json\/wp\/v2\/users\/7"}],"replies":[{"embeddable":true,"href":"https:\/\/radiokfor.com\/2\/wp-json\/wp\/v2\/comments?post=28320"}],"version-history":[{"count":1,"href":"https:\/\/radiokfor.com\/2\/wp-json\/wp\/v2\/posts\/28320\/revisions"}],"predecessor-version":[{"id":28322,"href":"https:\/\/radiokfor.com\/2\/wp-json\/wp\/v2\/posts\/28320\/revisions\/28322"}],"wp:featuredmedia":[{"embeddable":true,"href":"https:\/\/radiokfor.com\/2\/wp-json\/wp\/v2\/media\/28321"}],"wp:attachment":[{"href":"https:\/\/radiokfor.com\/2\/wp-json\/wp\/v2\/media?parent=28320"}],"wp:term":[{"taxonomy":"category","embeddable":true,"href":"https:\/\/radiokfor.com\/2\/wp-json\/wp\/v2\/categories?post=28320"},{"taxonomy":"post_tag","embeddable":true,"href":"https:\/\/radiokfor.com\/2\/wp-json\/wp\/v2\/tags?post=28320"}],"curies":[{"name":"wp","href":"https:\/\/api.w.org\/{rel}","templated":true}]}}