{"id":28118,"date":"2025-07-23T11:56:11","date_gmt":"2025-07-23T09:56:11","guid":{"rendered":"https:\/\/radiokfor.com\/2\/?p=28118"},"modified":"2025-07-23T12:05:28","modified_gmt":"2025-07-23T10:05:28","slug":"fajnal-for-2026-beograd-ili-atina","status":"publish","type":"post","link":"https:\/\/radiokfor.com\/2\/fajnal-for-2026-beograd-ili-atina\/","title":{"rendered":"Fajnal-for 2026 Beograd ili Atina"},"content":{"rendered":"<p>Odluka o doma\u0107inu Fajnal fora Evrolige 2026. godine je odlo\u017eena, prenosi BasketNews.<\/p>\n<p>Prema izvorima tog portala, akcionari Evrolige nisu uspeli da postignu jedinstven dogovor izme\u0111u Atine i Beograda tokom poslednjeg sastanka.Glasanje se sada o\u010dekuje u nekom kasnijem terminu, verovatno u septembru. Ovo je drugi put u poslednjih nekoliko nedelja da je glasanje o doma\u0107inu Fajnal fora odlo\u017eeno.<\/p>\n<p>Atina i dvorana OAKA bile su doma\u0107ini Fajnal fora 2007. godine. Tada je Panathinaikos osvojio svoju \u010detvrtu titulu prvaka Evrolige. Beograd je prvi put bio doma\u0107in zavr\u0161nog turnira 2018. godine, a zatim i 2022.<\/p>\n<p>Ina\u010de, Abu\u00a0Dabi po svemu sude\u0107i ima\u0107e zagarantovano mesto doma\u0107ina Fajnal-fora, 2027. godine i dve godine posle.<\/p>\n<p>Podsetimo ovaj grad je bio poslednji doma\u0107in zavr\u0161nog turnira Evrolige, kada je do titule do\u0161ao Fenerbah\u010de posle pobede u finalu protiv Monaka.<\/p>\n","protected":false},"excerpt":{"rendered":"<p>Odluka o doma\u0107inu Fajnal fora Evrolige 2026. godine je odlo\u017eena, prenosi BasketNews. Prema izvorima tog portala, akcionari Evrolige nisu uspeli da postignu jedinstven dogovor izme\u0111u Atine i Beograda tokom poslednjeg sastanka.Glasanje se sada o\u010dekuje u nekom kasnijem terminu, verovatno u septembru. Ovo je drugi put u poslednjih nekoliko nedelja da je glasanje o doma\u0107inu Fajnal&hellip;<\/p>\n","protected":false},"author":6,"featured_media":20657,"comment_status":"closed","ping_status":"closed","sticky":false,"template":"","format":"standard","meta":{"footnotes":""},"categories":[2],"tags":[],"class_list":["post-28118","post","type-post","status-publish","format-standard","has-post-thumbnail","hentry","category-news","category-2","description-off"],"_links":{"self":[{"href":"https:\/\/radiokfor.com\/2\/wp-json\/wp\/v2\/posts\/28118","targetHints":{"allow":["GET"]}}],"collection":[{"href":"https:\/\/radiokfor.com\/2\/wp-json\/wp\/v2\/posts"}],"about":[{"href":"https:\/\/radiokfor.com\/2\/wp-json\/wp\/v2\/types\/post"}],"author":[{"embeddable":true,"href":"https:\/\/radiokfor.com\/2\/wp-json\/wp\/v2\/users\/6"}],"replies":[{"embeddable":true,"href":"https:\/\/radiokfor.com\/2\/wp-json\/wp\/v2\/comments?post=28118"}],"version-history":[{"count":4,"href":"https:\/\/radiokfor.com\/2\/wp-json\/wp\/v2\/posts\/28118\/revisions"}],"predecessor-version":[{"id":28122,"href":"https:\/\/radiokfor.com\/2\/wp-json\/wp\/v2\/posts\/28118\/revisions\/28122"}],"wp:featuredmedia":[{"embeddable":true,"href":"https:\/\/radiokfor.com\/2\/wp-json\/wp\/v2\/media\/20657"}],"wp:attachment":[{"href":"https:\/\/radiokfor.com\/2\/wp-json\/wp\/v2\/media?parent=28118"}],"wp:term":[{"taxonomy":"category","embeddable":true,"href":"https:\/\/radiokfor.com\/2\/wp-json\/wp\/v2\/categories?post=28118"},{"taxonomy":"post_tag","embeddable":true,"href":"https:\/\/radiokfor.com\/2\/wp-json\/wp\/v2\/tags?post=28118"}],"curies":[{"name":"wp","href":"https:\/\/api.w.org\/{rel}","templated":true}]}}