{"id":28019,"date":"2025-07-06T00:00:48","date_gmt":"2025-07-05T22:00:48","guid":{"rendered":"https:\/\/radiokfor.com\/2\/?p=28019"},"modified":"2025-07-04T12:31:12","modified_gmt":"2025-07-04T10:31:12","slug":"premijera-filma-supermen","status":"publish","type":"post","link":"https:\/\/radiokfor.com\/2\/premijera-filma-supermen\/","title":{"rendered":"Premijera filma Supermen"},"content":{"rendered":"<p>Ritual\/Horor<\/p>\n<p>\u0160okantna istinita pri\u010da o najpoznatijem egzorcizmu u ameri\u010dkoj istoriji.<\/p>\n<p>Kao sve\u0161tenik u crkvi Svetog Josifa u Erlingu (Ajova), otac D\u017eozef Stajger vodio je miran i posve\u0107en \u017eivot, brinu\u0107i se o svojim vernicima. U jesen 1928. godine, <strong>ocu Stajgeru se obratio neko s hitnim problemom. <\/strong>Godinama je 46-godi\u0161nja Ema \u0160mit trpela zastra\u0161uju\u0107e napade nesvestice, odbojnost prema svetim predmetima i druge neopisive tegobe.<\/p>\n<p><strong>\u00a0<\/strong><\/p>\n<p>Septembar ka\u017ee\/Drama<\/p>\n<p>Sestre D\u017eulaj i Septembar su veoma razli\u010dite, jedna je za\u0161titni\u010dki nastrojena i nepoverljiva prema drugima, dok je D\u017eulaj otvorena i <strong>radoznala prema svetu<\/strong>. Njihova majka je zabrinuta i nije sigurna \u0161ta da radi sa njima.<\/p>\n<p>&nbsp;<\/p>\n<p>Supermen\/Fantazija, Akcija, Avantura<\/p>\n<p>Prvi dugometra\u017eni film DC Studios, Supermen, dolazi u bioskope ovog leta u produkciji Warner Bros Pictures. U re\u017eiji D\u017eejmsa Gana, koji donosi svoj prepoznatljiv stil, <strong>Supermen predstavlja novog junaka<\/strong> u rekonstruisanom DC svemiru. Ovaj film nudi jedinstveni spoj epske akcije, humora i emocija, a prikazuje Supermena vo\u0111enog saose\u0107anjem i uverenjem u osnovnu dobrotu \u010dove\u010danstva.<\/p>\n<p>Filmove sa liste pogledajte u bioskopima od 10.07.2025.<\/p>\n","protected":false},"excerpt":{"rendered":"<p>Ritual\/Horor \u0160okantna istinita pri\u010da o najpoznatijem egzorcizmu u ameri\u010dkoj istoriji. Kao sve\u0161tenik u crkvi Svetog Josifa u Erlingu (Ajova), otac D\u017eozef Stajger vodio je miran i posve\u0107en \u017eivot, brinu\u0107i se o svojim vernicima. U jesen 1928. godine, ocu Stajgeru se obratio neko s hitnim problemom. Godinama je 46-godi\u0161nja Ema \u0160mit trpela zastra\u0161uju\u0107e napade nesvestice, odbojnost&hellip;<\/p>\n","protected":false},"author":6,"featured_media":28020,"comment_status":"closed","ping_status":"closed","sticky":false,"template":"","format":"standard","meta":{"footnotes":""},"categories":[2],"tags":[],"class_list":["post-28019","post","type-post","status-publish","format-standard","has-post-thumbnail","hentry","category-news","category-2","description-off"],"_links":{"self":[{"href":"https:\/\/radiokfor.com\/2\/wp-json\/wp\/v2\/posts\/28019","targetHints":{"allow":["GET"]}}],"collection":[{"href":"https:\/\/radiokfor.com\/2\/wp-json\/wp\/v2\/posts"}],"about":[{"href":"https:\/\/radiokfor.com\/2\/wp-json\/wp\/v2\/types\/post"}],"author":[{"embeddable":true,"href":"https:\/\/radiokfor.com\/2\/wp-json\/wp\/v2\/users\/6"}],"replies":[{"embeddable":true,"href":"https:\/\/radiokfor.com\/2\/wp-json\/wp\/v2\/comments?post=28019"}],"version-history":[{"count":1,"href":"https:\/\/radiokfor.com\/2\/wp-json\/wp\/v2\/posts\/28019\/revisions"}],"predecessor-version":[{"id":28021,"href":"https:\/\/radiokfor.com\/2\/wp-json\/wp\/v2\/posts\/28019\/revisions\/28021"}],"wp:featuredmedia":[{"embeddable":true,"href":"https:\/\/radiokfor.com\/2\/wp-json\/wp\/v2\/media\/28020"}],"wp:attachment":[{"href":"https:\/\/radiokfor.com\/2\/wp-json\/wp\/v2\/media?parent=28019"}],"wp:term":[{"taxonomy":"category","embeddable":true,"href":"https:\/\/radiokfor.com\/2\/wp-json\/wp\/v2\/categories?post=28019"},{"taxonomy":"post_tag","embeddable":true,"href":"https:\/\/radiokfor.com\/2\/wp-json\/wp\/v2\/tags?post=28019"}],"curies":[{"name":"wp","href":"https:\/\/api.w.org\/{rel}","templated":true}]}}