{"id":27869,"date":"2025-07-18T00:04:58","date_gmt":"2025-07-17T22:04:58","guid":{"rendered":"https:\/\/radiokfor.com\/2\/?p=27869"},"modified":"2025-06-27T10:05:41","modified_gmt":"2025-06-27T08:05:41","slug":"dan-nelsona-mandele","status":"publish","type":"post","link":"https:\/\/radiokfor.com\/2\/dan-nelsona-mandele\/","title":{"rendered":"Dan Nelsona Mandele"},"content":{"rendered":"<p>Dan Nelsona Mandele obele\u017eava se svake godine 18. jula, na dan njegovog ro\u0111enja, kao globalni poziv na mir, toleranciju i dru\u0161tvenu pravdu. Ujedinjene nacije su ovaj datum proglasile me\u0111unarodnim danom posve\u0107enim \u010doveku koji je svoj \u017eivot posvetio borbi protiv aparthejda, diskriminacije i nepravde.<\/p>\n<p>Mandela je postao simbol otpora, hrabrosti i opro\u0161taja. Nakon 27 godina provedenih u zatvoru, postao je prvi demokratski izabrani predsednik Ju\u017enoafri\u010dke Republike i neumorno je radio na pomirenju me\u0111u ljudima razli\u010ditih rasa i vera. Njegova poruka je jasna: \u201eMr\u017enja se u\u010di \u2013 ali se ljubav mo\u017ee nau\u010diti.\u201c<\/p>\n<p>UN pozivaju sve da 18. jula odvoje 67 minuta \u2013 simboli\u010dno, za svaku godinu koju je Mandela posvetio borbi za jednakost \u2013 kako bi u\u010dinili dobro delo u svojoj zajednici.<\/p>\n<p>Dan Nelsona Mandele podse\u0107a nas da promena po\u010dinje od pojedinca. Ne moramo biti veliki da bismo zapo\u010deli promenu \u2013 samo moramo biti spremni da \u010dinimo dobro.<\/p>\n","protected":false},"excerpt":{"rendered":"<p>Dan Nelsona Mandele obele\u017eava se svake godine 18. jula, na dan njegovog ro\u0111enja, kao globalni poziv na mir, toleranciju i dru\u0161tvenu pravdu. Ujedinjene nacije su ovaj datum proglasile me\u0111unarodnim danom posve\u0107enim \u010doveku koji je svoj \u017eivot posvetio borbi protiv aparthejda, diskriminacije i nepravde. Mandela je postao simbol otpora, hrabrosti i opro\u0161taja. Nakon 27 godina provedenih&hellip;<\/p>\n","protected":false},"author":2,"featured_media":13047,"comment_status":"closed","ping_status":"closed","sticky":false,"template":"","format":"standard","meta":{"footnotes":""},"categories":[2],"tags":[],"class_list":["post-27869","post","type-post","status-publish","format-standard","has-post-thumbnail","hentry","category-news","category-2","description-off"],"_links":{"self":[{"href":"https:\/\/radiokfor.com\/2\/wp-json\/wp\/v2\/posts\/27869","targetHints":{"allow":["GET"]}}],"collection":[{"href":"https:\/\/radiokfor.com\/2\/wp-json\/wp\/v2\/posts"}],"about":[{"href":"https:\/\/radiokfor.com\/2\/wp-json\/wp\/v2\/types\/post"}],"author":[{"embeddable":true,"href":"https:\/\/radiokfor.com\/2\/wp-json\/wp\/v2\/users\/2"}],"replies":[{"embeddable":true,"href":"https:\/\/radiokfor.com\/2\/wp-json\/wp\/v2\/comments?post=27869"}],"version-history":[{"count":1,"href":"https:\/\/radiokfor.com\/2\/wp-json\/wp\/v2\/posts\/27869\/revisions"}],"predecessor-version":[{"id":27870,"href":"https:\/\/radiokfor.com\/2\/wp-json\/wp\/v2\/posts\/27869\/revisions\/27870"}],"wp:featuredmedia":[{"embeddable":true,"href":"https:\/\/radiokfor.com\/2\/wp-json\/wp\/v2\/media\/13047"}],"wp:attachment":[{"href":"https:\/\/radiokfor.com\/2\/wp-json\/wp\/v2\/media?parent=27869"}],"wp:term":[{"taxonomy":"category","embeddable":true,"href":"https:\/\/radiokfor.com\/2\/wp-json\/wp\/v2\/categories?post=27869"},{"taxonomy":"post_tag","embeddable":true,"href":"https:\/\/radiokfor.com\/2\/wp-json\/wp\/v2\/tags?post=27869"}],"curies":[{"name":"wp","href":"https:\/\/api.w.org\/{rel}","templated":true}]}}