{"id":27757,"date":"2025-06-13T13:23:45","date_gmt":"2025-06-13T11:23:45","guid":{"rendered":"https:\/\/radiokfor.com\/2\/?p=27757"},"modified":"2025-06-13T13:23:45","modified_gmt":"2025-06-13T11:23:45","slug":"tri-nova-singla-tri-razlicite-emocije","status":"publish","type":"post","link":"https:\/\/radiokfor.com\/2\/tri-nova-singla-tri-razlicite-emocije\/","title":{"rendered":"Tri nova singla, tri razli\u010dite emocije"},"content":{"rendered":"<p>Sergej Paji\u0107 i Edita ponovo udru\u017euju snage i predstavljaju pesmu \u201eNemo\u201c, prvi singl sa Sergejevog nadolaze\u0107eg EP-a \u201eVe\u010dno leto\u201c. U pitanju je energi\u010dna afro-house numera koja se tematski bavi \u017eeljom, iluzijom i stra\u0161\u0107u. Pesma podse\u0107a na njihov raniji zajedni\u010dki hit \u201eRio Rio\u201c, a ve\u0107 sada obe\u0107ava da \u0107e obele\u017eiti letnju sezonu.<\/p>\n<p>Nakon niza uspe\u0161nih singlova, Nucci objavljuje novu pesmu \u201eDo\u0111e mi da (Na Na Na)\u201c, koja se nalazi na njegovom najnovijem EP-u \u201eTrilogija\u201c. Pesma kombinuje trap i pop zvuk, karakteristi\u010dan za Nuccijev muzi\u010dki izraz, uz zaraznu melodiju i tekst koji oslikava jake emocije i unutra\u0161nje borbe. Spot za pesmu ve\u0107 bele\u017ei veliki broj pregleda.<\/p>\n<p>Peva\u010dica Emina Jahovi\u0107 objavila je emotivnu baladu \u201eSvitanje\u201c, kojom najavljuje svoj \u0161esti studijski album, koji nosi isti naziv. Ova kantautorska pesma predstavlja povratak Emine autenti\u010dnom izrazu, nastalom tokom \u010detiri godine stvaranja. Album sadr\u017ei devet pesama, uklju\u010duju\u0107i duete sa Mirzom Selimovi\u0107em i Havom, a Emina ga opisuje kao svoje &#8220;ponovno ro\u0111enje&#8221;.<\/p>\n","protected":false},"excerpt":{"rendered":"<p>Sergej Paji\u0107 i Edita ponovo udru\u017euju snage i predstavljaju pesmu \u201eNemo\u201c, prvi singl sa Sergejevog nadolaze\u0107eg EP-a \u201eVe\u010dno leto\u201c. U pitanju je energi\u010dna afro-house numera koja se tematski bavi \u017eeljom, iluzijom i stra\u0161\u0107u. Pesma podse\u0107a na njihov raniji zajedni\u010dki hit \u201eRio Rio\u201c, a ve\u0107 sada obe\u0107ava da \u0107e obele\u017eiti letnju sezonu. Nakon niza uspe\u0161nih singlova,&hellip;<\/p>\n","protected":false},"author":11,"featured_media":25897,"comment_status":"closed","ping_status":"closed","sticky":false,"template":"","format":"standard","meta":{"footnotes":""},"categories":[2],"tags":[],"class_list":["post-27757","post","type-post","status-publish","format-standard","has-post-thumbnail","hentry","category-news","category-2","description-off"],"_links":{"self":[{"href":"https:\/\/radiokfor.com\/2\/wp-json\/wp\/v2\/posts\/27757","targetHints":{"allow":["GET"]}}],"collection":[{"href":"https:\/\/radiokfor.com\/2\/wp-json\/wp\/v2\/posts"}],"about":[{"href":"https:\/\/radiokfor.com\/2\/wp-json\/wp\/v2\/types\/post"}],"author":[{"embeddable":true,"href":"https:\/\/radiokfor.com\/2\/wp-json\/wp\/v2\/users\/11"}],"replies":[{"embeddable":true,"href":"https:\/\/radiokfor.com\/2\/wp-json\/wp\/v2\/comments?post=27757"}],"version-history":[{"count":1,"href":"https:\/\/radiokfor.com\/2\/wp-json\/wp\/v2\/posts\/27757\/revisions"}],"predecessor-version":[{"id":27758,"href":"https:\/\/radiokfor.com\/2\/wp-json\/wp\/v2\/posts\/27757\/revisions\/27758"}],"wp:featuredmedia":[{"embeddable":true,"href":"https:\/\/radiokfor.com\/2\/wp-json\/wp\/v2\/media\/25897"}],"wp:attachment":[{"href":"https:\/\/radiokfor.com\/2\/wp-json\/wp\/v2\/media?parent=27757"}],"wp:term":[{"taxonomy":"category","embeddable":true,"href":"https:\/\/radiokfor.com\/2\/wp-json\/wp\/v2\/categories?post=27757"},{"taxonomy":"post_tag","embeddable":true,"href":"https:\/\/radiokfor.com\/2\/wp-json\/wp\/v2\/tags?post=27757"}],"curies":[{"name":"wp","href":"https:\/\/api.w.org\/{rel}","templated":true}]}}