{"id":27751,"date":"2025-06-13T10:00:07","date_gmt":"2025-06-13T08:00:07","guid":{"rendered":"https:\/\/radiokfor.com\/2\/?p=27751"},"modified":"2025-06-13T10:00:07","modified_gmt":"2025-06-13T08:00:07","slug":"medunarodni-dan-svesti-o-albinizmu-5","status":"publish","type":"post","link":"https:\/\/radiokfor.com\/2\/medunarodni-dan-svesti-o-albinizmu-5\/","title":{"rendered":"Me\u0111unarodni dan svesti o albinizmu"},"content":{"rendered":"<p>Danas obele\u017eavamo Me\u0111unarodni dan svesti o albinizmu, posve\u0107en podizanju svesti o izazovima i preprekama sa kojima se osobe sa albinizmom svakodnevno suo\u010davaju, kao i promociji njihovih prava i punopravnog u\u010de\u0161\u0107a u dru\u0161tvu.<\/p>\n<p>Ovogodi\u0161nja globalna poruka glasi: \u201eZahtevamo na\u0161a prava: Za\u0161titimo na\u0161u ko\u017eu, sa\u010duvajmo na\u0161e \u017eivote\u201c, sa posebnim naglaskom na potrebu za pristupa\u010dnom preventivnom zdravstvenom za\u0161titom, efikasnom za\u0161titom od UV zra\u010denja i dostupnosti medicinskih i socijalnih usluga. U mnogim delovima sveta, osobe sa albinizmom izlo\u017eene su ozbiljnim zdravstvenim rizicima, uklju\u010duju\u0107i i rak ko\u017ee, \u010desto zbog nedostatka adekvatne za\u0161tite, informacija i podr\u0161ke.<\/p>\n<p>Albinizam je retko, nasledno genetsko stanje koje uzrokuje nedostatak melanina \u2013 pigmenta koji odre\u0111uje boju ko\u017ee, kose i o\u010diju. Osobe sa albinizmom \u010desto imaju osetljivu ko\u017eu, smanjen vid i pove\u0107anu osetljivost na sun\u010devu svetlost. Osim zdravstvenih izazova, suo\u010davaju se i sa duboko ukorenjenim predrasudama, diskriminacijom i dru\u0161tvenom isklju\u010deno\u0161\u0107u.<\/p>\n<p>Pozivamo sve da se pridru\u017ee ovoj globalnoj inicijativi i doprinesu boljoj vidljivosti, za\u0161titi i po\u0161tovanju osoba sa albinizmom \u2013 jer svako zaslu\u017euje \u017eivot dostojan \u010doveka, bez straha, predrasuda i diskriminacije.<\/p>\n","protected":false},"excerpt":{"rendered":"<p>Danas obele\u017eavamo Me\u0111unarodni dan svesti o albinizmu, posve\u0107en podizanju svesti o izazovima i preprekama sa kojima se osobe sa albinizmom svakodnevno suo\u010davaju, kao i promociji njihovih prava i punopravnog u\u010de\u0161\u0107a u dru\u0161tvu. Ovogodi\u0161nja globalna poruka glasi: \u201eZahtevamo na\u0161a prava: Za\u0161titimo na\u0161u ko\u017eu, sa\u010duvajmo na\u0161e \u017eivote\u201c, sa posebnim naglaskom na potrebu za pristupa\u010dnom preventivnom zdravstvenom za\u0161titom,&hellip;<\/p>\n","protected":false},"author":11,"featured_media":27752,"comment_status":"closed","ping_status":"closed","sticky":false,"template":"","format":"standard","meta":{"footnotes":""},"categories":[2],"tags":[],"class_list":["post-27751","post","type-post","status-publish","format-standard","has-post-thumbnail","hentry","category-news","category-2","description-off"],"_links":{"self":[{"href":"https:\/\/radiokfor.com\/2\/wp-json\/wp\/v2\/posts\/27751","targetHints":{"allow":["GET"]}}],"collection":[{"href":"https:\/\/radiokfor.com\/2\/wp-json\/wp\/v2\/posts"}],"about":[{"href":"https:\/\/radiokfor.com\/2\/wp-json\/wp\/v2\/types\/post"}],"author":[{"embeddable":true,"href":"https:\/\/radiokfor.com\/2\/wp-json\/wp\/v2\/users\/11"}],"replies":[{"embeddable":true,"href":"https:\/\/radiokfor.com\/2\/wp-json\/wp\/v2\/comments?post=27751"}],"version-history":[{"count":1,"href":"https:\/\/radiokfor.com\/2\/wp-json\/wp\/v2\/posts\/27751\/revisions"}],"predecessor-version":[{"id":27753,"href":"https:\/\/radiokfor.com\/2\/wp-json\/wp\/v2\/posts\/27751\/revisions\/27753"}],"wp:featuredmedia":[{"embeddable":true,"href":"https:\/\/radiokfor.com\/2\/wp-json\/wp\/v2\/media\/27752"}],"wp:attachment":[{"href":"https:\/\/radiokfor.com\/2\/wp-json\/wp\/v2\/media?parent=27751"}],"wp:term":[{"taxonomy":"category","embeddable":true,"href":"https:\/\/radiokfor.com\/2\/wp-json\/wp\/v2\/categories?post=27751"},{"taxonomy":"post_tag","embeddable":true,"href":"https:\/\/radiokfor.com\/2\/wp-json\/wp\/v2\/tags?post=27751"}],"curies":[{"name":"wp","href":"https:\/\/api.w.org\/{rel}","templated":true}]}}