{"id":27689,"date":"2025-06-12T00:01:07","date_gmt":"2025-06-11T22:01:07","guid":{"rendered":"https:\/\/radiokfor.com\/2\/?p=27689"},"modified":"2025-06-09T16:23:34","modified_gmt":"2025-06-09T14:23:34","slug":"svetski-dan-borbe-protiv-decjeg-rada-2","status":"publish","type":"post","link":"https:\/\/radiokfor.com\/2\/svetski-dan-borbe-protiv-decjeg-rada-2\/","title":{"rendered":"Svetski dan borbe protiv de\u010djeg rada"},"content":{"rendered":"<p>Svetski dan borbe protiv de\u010djeg rada, koji se svake godine obele\u017eava 12. juna, podse\u0107a svet da milioni dece i dalje rade u te\u0161kim i \u010desto opasnim uslovima, umesto da poha\u0111aju \u0161kolu, igraju se i odrastaju u sigurnom okru\u017eenju. Ovogodi\u0161nja tema \u2013 \u201eObezbediti budu\u0107nost, okon\u010dati de\u010dji rad \u2013 Ulaganje u obrazovanje i sredstva za \u017eivot\u201c \u2013 isti\u010de osnovne uzroke de\u010djeg rada i neophodnost dugoro\u010dnih re\u0161enja.<\/p>\n<p>Prema podacima Me\u0111unarodne organizacije rada (ILO) i UNICEF-a, \u010dak 160 miliona dece \u0161irom sveta uklju\u010deno je u neki oblik de\u010djeg rada, pri \u010demu gotovo polovina radi u uslovima koji ozbiljno ugro\u017eavaju njihovo fizi\u010dko i mentalno zdravlje. Pandemija, siroma\u0161tvo, oru\u017eani sukobi i klimatske promene dodatno su pogor\u0161ali ovu slo\u017eenu situaciju.<\/p>\n<p>Borba protiv de\u010djeg rada zahteva zajedni\u010dki anga\u017eman vlada, obrazovnih sistema, privatnog sektora, sindikata i civilnog dru\u0161tva, kao i usvajanje konkretnih politika koje povezuju ekonomski razvoj, za\u0161titu radnih prava i univerzalno obrazovanje.<\/p>\n<p>Budu\u0107nost bez de\u010djeg rada je mogu\u0107a \u2013 ukoliko danas ulo\u017eimo u ono \u0161to deci zaista treba: kvalitetno obrazovanje, sigurnost i priliku za dostojanstven \u017eivot.<\/p>\n","protected":false},"excerpt":{"rendered":"<p>Svetski dan borbe protiv de\u010djeg rada, koji se svake godine obele\u017eava 12. juna, podse\u0107a svet da milioni dece i dalje rade u te\u0161kim i \u010desto opasnim uslovima, umesto da poha\u0111aju \u0161kolu, igraju se i odrastaju u sigurnom okru\u017eenju. Ovogodi\u0161nja tema \u2013 \u201eObezbediti budu\u0107nost, okon\u010dati de\u010dji rad \u2013 Ulaganje u obrazovanje i sredstva za \u017eivot\u201c \u2013&hellip;<\/p>\n","protected":false},"author":11,"featured_media":27691,"comment_status":"closed","ping_status":"closed","sticky":false,"template":"","format":"standard","meta":{"footnotes":""},"categories":[2],"tags":[],"class_list":["post-27689","post","type-post","status-publish","format-standard","has-post-thumbnail","hentry","category-news","category-2","description-off"],"_links":{"self":[{"href":"https:\/\/radiokfor.com\/2\/wp-json\/wp\/v2\/posts\/27689","targetHints":{"allow":["GET"]}}],"collection":[{"href":"https:\/\/radiokfor.com\/2\/wp-json\/wp\/v2\/posts"}],"about":[{"href":"https:\/\/radiokfor.com\/2\/wp-json\/wp\/v2\/types\/post"}],"author":[{"embeddable":true,"href":"https:\/\/radiokfor.com\/2\/wp-json\/wp\/v2\/users\/11"}],"replies":[{"embeddable":true,"href":"https:\/\/radiokfor.com\/2\/wp-json\/wp\/v2\/comments?post=27689"}],"version-history":[{"count":1,"href":"https:\/\/radiokfor.com\/2\/wp-json\/wp\/v2\/posts\/27689\/revisions"}],"predecessor-version":[{"id":27690,"href":"https:\/\/radiokfor.com\/2\/wp-json\/wp\/v2\/posts\/27689\/revisions\/27690"}],"wp:featuredmedia":[{"embeddable":true,"href":"https:\/\/radiokfor.com\/2\/wp-json\/wp\/v2\/media\/27691"}],"wp:attachment":[{"href":"https:\/\/radiokfor.com\/2\/wp-json\/wp\/v2\/media?parent=27689"}],"wp:term":[{"taxonomy":"category","embeddable":true,"href":"https:\/\/radiokfor.com\/2\/wp-json\/wp\/v2\/categories?post=27689"},{"taxonomy":"post_tag","embeddable":true,"href":"https:\/\/radiokfor.com\/2\/wp-json\/wp\/v2\/tags?post=27689"}],"curies":[{"name":"wp","href":"https:\/\/api.w.org\/{rel}","templated":true}]}}