{"id":27586,"date":"2025-05-28T12:55:15","date_gmt":"2025-05-28T10:55:15","guid":{"rendered":"https:\/\/radiokfor.com\/2\/?p=27586"},"modified":"2025-05-28T12:55:15","modified_gmt":"2025-05-28T10:55:15","slug":"svetski-dan-gladi-3","status":"publish","type":"post","link":"https:\/\/radiokfor.com\/2\/svetski-dan-gladi-3\/","title":{"rendered":"Svetski dan gladi"},"content":{"rendered":"<p>Svetski dan gladi obele\u017eava se svake godine 28. maja, kao prilika da se skrene pa\u017enja na jedan od najozbiljnijih globalnih problema dana\u0161njice. Iako brojne nevladine organizacije \u0161irom sveta svakodnevno ula\u017eu napore u borbu protiv gladi i siroma\u0161tva, neophodno je iznova podse\u0107ati na \u010dinjenicu da se \u010dak 2,4 milijarde ljudi suo\u010dava sa nesigurno\u0161\u0107u u ishrani.<\/p>\n<p>Ovaj dan je ustanovila nevladina organizacija The Hunger Project (Projekat glad), osnovana 1977. godine u Kaliforniji, s ciljem da pokrene promene i inspiri\u0161e delovanje u borbi protiv gladi.<\/p>\n<p>Va\u017eno je ista\u0107i da uzrok gladi nije nedostatak hrane \u2013 planeta proizvodi dovoljno da nahrani sve ljude. Ipak, uprkos toj \u010dinjenici, oko 746 miliona ljudi \u0161irom sveta svakodnevno gladuje, dok oko 9 miliona ljudi svake godine izgubi \u017eivot zbog posledica pothranjenosti i gladi.<\/p>\n<p>Obele\u017eavanje Svetskog dana gladi podse\u0107a nas da je glad i dalje realnost za ogroman broj ljudi i poziva na solidarnost, odgovornost i globalnu akciju.<\/p>\n","protected":false},"excerpt":{"rendered":"<p>Svetski dan gladi obele\u017eava se svake godine 28. maja, kao prilika da se skrene pa\u017enja na jedan od najozbiljnijih globalnih problema dana\u0161njice. Iako brojne nevladine organizacije \u0161irom sveta svakodnevno ula\u017eu napore u borbu protiv gladi i siroma\u0161tva, neophodno je iznova podse\u0107ati na \u010dinjenicu da se \u010dak 2,4 milijarde ljudi suo\u010dava sa nesigurno\u0161\u0107u u ishrani. Ovaj&hellip;<\/p>\n","protected":false},"author":13,"featured_media":27587,"comment_status":"closed","ping_status":"closed","sticky":false,"template":"","format":"standard","meta":{"footnotes":""},"categories":[2],"tags":[],"class_list":["post-27586","post","type-post","status-publish","format-standard","has-post-thumbnail","hentry","category-news","category-2","description-off"],"_links":{"self":[{"href":"https:\/\/radiokfor.com\/2\/wp-json\/wp\/v2\/posts\/27586","targetHints":{"allow":["GET"]}}],"collection":[{"href":"https:\/\/radiokfor.com\/2\/wp-json\/wp\/v2\/posts"}],"about":[{"href":"https:\/\/radiokfor.com\/2\/wp-json\/wp\/v2\/types\/post"}],"author":[{"embeddable":true,"href":"https:\/\/radiokfor.com\/2\/wp-json\/wp\/v2\/users\/13"}],"replies":[{"embeddable":true,"href":"https:\/\/radiokfor.com\/2\/wp-json\/wp\/v2\/comments?post=27586"}],"version-history":[{"count":1,"href":"https:\/\/radiokfor.com\/2\/wp-json\/wp\/v2\/posts\/27586\/revisions"}],"predecessor-version":[{"id":27588,"href":"https:\/\/radiokfor.com\/2\/wp-json\/wp\/v2\/posts\/27586\/revisions\/27588"}],"wp:featuredmedia":[{"embeddable":true,"href":"https:\/\/radiokfor.com\/2\/wp-json\/wp\/v2\/media\/27587"}],"wp:attachment":[{"href":"https:\/\/radiokfor.com\/2\/wp-json\/wp\/v2\/media?parent=27586"}],"wp:term":[{"taxonomy":"category","embeddable":true,"href":"https:\/\/radiokfor.com\/2\/wp-json\/wp\/v2\/categories?post=27586"},{"taxonomy":"post_tag","embeddable":true,"href":"https:\/\/radiokfor.com\/2\/wp-json\/wp\/v2\/tags?post=27586"}],"curies":[{"name":"wp","href":"https:\/\/api.w.org\/{rel}","templated":true}]}}