{"id":27452,"date":"2025-05-09T13:26:22","date_gmt":"2025-05-09T11:26:22","guid":{"rendered":"https:\/\/radiokfor.com\/2\/?p=27452"},"modified":"2025-05-09T13:26:22","modified_gmt":"2025-05-09T11:26:22","slug":"dan-evrope-4","status":"publish","type":"post","link":"https:\/\/radiokfor.com\/2\/dan-evrope-4\/","title":{"rendered":"Dan Evrope"},"content":{"rendered":"<p>Danas se \u0161irom Evrope obele\u017eava Dan Evrope, praznik koji simbolizuje mir i jedinstvo na kontinentu. Ovaj datum, 9. maj, odabran je u znak se\u0107anja na \u0160umanovu deklaraciju iz 1950. godine, kojom je zapo\u010det proces evropske integracije.<\/p>\n<p>Dan Evrope se obele\u017eava nizom kulturnih, edukativnih i javnih doga\u0111aja koji imaju za cilj da pribli\u017ee gra\u0111anima vrednosti Evropske unije, kao \u0161to su solidarnost, po\u0161tovanje ljudskih prava, vladavina prava i multikulturalnost.<\/p>\n<p>Dan Evrope predstavlja i priliku da se podsetimo koliko je va\u017ena saradnja me\u0111u narodima u o\u010duvanju mira i stabilnosti, posebno u savremenom svetu suo\u010denom sa brojnim izazovima.<\/p>\n","protected":false},"excerpt":{"rendered":"<p>Danas se \u0161irom Evrope obele\u017eava Dan Evrope, praznik koji simbolizuje mir i jedinstvo na kontinentu. Ovaj datum, 9. maj, odabran je u znak se\u0107anja na \u0160umanovu deklaraciju iz 1950. godine, kojom je zapo\u010det proces evropske integracije. Dan Evrope se obele\u017eava nizom kulturnih, edukativnih i javnih doga\u0111aja koji imaju za cilj da pribli\u017ee gra\u0111anima vrednosti Evropske&hellip;<\/p>\n","protected":false},"author":2,"featured_media":27453,"comment_status":"closed","ping_status":"closed","sticky":false,"template":"","format":"standard","meta":{"footnotes":""},"categories":[2],"tags":[],"class_list":["post-27452","post","type-post","status-publish","format-standard","has-post-thumbnail","hentry","category-news","category-2","description-off"],"_links":{"self":[{"href":"https:\/\/radiokfor.com\/2\/wp-json\/wp\/v2\/posts\/27452","targetHints":{"allow":["GET"]}}],"collection":[{"href":"https:\/\/radiokfor.com\/2\/wp-json\/wp\/v2\/posts"}],"about":[{"href":"https:\/\/radiokfor.com\/2\/wp-json\/wp\/v2\/types\/post"}],"author":[{"embeddable":true,"href":"https:\/\/radiokfor.com\/2\/wp-json\/wp\/v2\/users\/2"}],"replies":[{"embeddable":true,"href":"https:\/\/radiokfor.com\/2\/wp-json\/wp\/v2\/comments?post=27452"}],"version-history":[{"count":1,"href":"https:\/\/radiokfor.com\/2\/wp-json\/wp\/v2\/posts\/27452\/revisions"}],"predecessor-version":[{"id":27454,"href":"https:\/\/radiokfor.com\/2\/wp-json\/wp\/v2\/posts\/27452\/revisions\/27454"}],"wp:featuredmedia":[{"embeddable":true,"href":"https:\/\/radiokfor.com\/2\/wp-json\/wp\/v2\/media\/27453"}],"wp:attachment":[{"href":"https:\/\/radiokfor.com\/2\/wp-json\/wp\/v2\/media?parent=27452"}],"wp:term":[{"taxonomy":"category","embeddable":true,"href":"https:\/\/radiokfor.com\/2\/wp-json\/wp\/v2\/categories?post=27452"},{"taxonomy":"post_tag","embeddable":true,"href":"https:\/\/radiokfor.com\/2\/wp-json\/wp\/v2\/tags?post=27452"}],"curies":[{"name":"wp","href":"https:\/\/api.w.org\/{rel}","templated":true}]}}