{"id":27276,"date":"2025-04-23T13:35:57","date_gmt":"2025-04-23T11:35:57","guid":{"rendered":"https:\/\/radiokfor.com\/2\/?p=27276"},"modified":"2025-04-23T13:35:57","modified_gmt":"2025-04-23T11:35:57","slug":"svetski-dan-knjige-i-autorskih-prava-5","status":"publish","type":"post","link":"https:\/\/radiokfor.com\/2\/svetski-dan-knjige-i-autorskih-prava-5\/","title":{"rendered":"Svetski dan knjige i autorskih prava"},"content":{"rendered":"<p>Svetski dan knjige i autorskih prava obele\u017eava se 23. aprila \u0161irom sveta, u organizaciji UNESCO-a, od 1995. godine. Ovaj datum simboli\u010dno je povezan sa danom smrti slavnog pisca Migela de Servantesa, a u \u0160paniji se obele\u017eava jo\u0161 od 1923. godine.<\/p>\n<p>Cilj je promocija \u010ditanja, knjige i obrazovanja, kao i podizanje svesti o zna\u010daju za\u0161tite autorskih prava. I dok se \u0161irom sveta sve vi\u0161e prepoznaje vrednost \u010ditanja, znanje o autorskim pravima i njihova primena \u010desto izostaju, posebno u lokalnom kontekstu.<\/p>\n<p>Stru\u010dnjaci upozoravaju da je po\u0161tovanje autorskih prava klju\u010dno za opstanak kreativnih industrija, jer bez pravi\u010dne naknade za kori\u0161\u0107enje njihovih dela, autori ostaju neza\u0161ti\u0107eni i obeshrabreni da stvaraju.<\/p>\n","protected":false},"excerpt":{"rendered":"<p>Svetski dan knjige i autorskih prava obele\u017eava se 23. aprila \u0161irom sveta, u organizaciji UNESCO-a, od 1995. godine. Ovaj datum simboli\u010dno je povezan sa danom smrti slavnog pisca Migela de Servantesa, a u \u0160paniji se obele\u017eava jo\u0161 od 1923. godine. Cilj je promocija \u010ditanja, knjige i obrazovanja, kao i podizanje svesti o zna\u010daju za\u0161tite autorskih&hellip;<\/p>\n","protected":false},"author":13,"featured_media":27277,"comment_status":"closed","ping_status":"closed","sticky":false,"template":"","format":"standard","meta":{"footnotes":""},"categories":[2],"tags":[],"class_list":["post-27276","post","type-post","status-publish","format-standard","has-post-thumbnail","hentry","category-news","category-2","description-off"],"_links":{"self":[{"href":"https:\/\/radiokfor.com\/2\/wp-json\/wp\/v2\/posts\/27276","targetHints":{"allow":["GET"]}}],"collection":[{"href":"https:\/\/radiokfor.com\/2\/wp-json\/wp\/v2\/posts"}],"about":[{"href":"https:\/\/radiokfor.com\/2\/wp-json\/wp\/v2\/types\/post"}],"author":[{"embeddable":true,"href":"https:\/\/radiokfor.com\/2\/wp-json\/wp\/v2\/users\/13"}],"replies":[{"embeddable":true,"href":"https:\/\/radiokfor.com\/2\/wp-json\/wp\/v2\/comments?post=27276"}],"version-history":[{"count":1,"href":"https:\/\/radiokfor.com\/2\/wp-json\/wp\/v2\/posts\/27276\/revisions"}],"predecessor-version":[{"id":27278,"href":"https:\/\/radiokfor.com\/2\/wp-json\/wp\/v2\/posts\/27276\/revisions\/27278"}],"wp:featuredmedia":[{"embeddable":true,"href":"https:\/\/radiokfor.com\/2\/wp-json\/wp\/v2\/media\/27277"}],"wp:attachment":[{"href":"https:\/\/radiokfor.com\/2\/wp-json\/wp\/v2\/media?parent=27276"}],"wp:term":[{"taxonomy":"category","embeddable":true,"href":"https:\/\/radiokfor.com\/2\/wp-json\/wp\/v2\/categories?post=27276"},{"taxonomy":"post_tag","embeddable":true,"href":"https:\/\/radiokfor.com\/2\/wp-json\/wp\/v2\/tags?post=27276"}],"curies":[{"name":"wp","href":"https:\/\/api.w.org\/{rel}","templated":true}]}}