{"id":27252,"date":"2025-04-21T12:10:16","date_gmt":"2025-04-21T10:10:16","guid":{"rendered":"https:\/\/radiokfor.com\/2\/?p=27252"},"modified":"2025-04-21T12:10:16","modified_gmt":"2025-04-21T10:10:16","slug":"danas-je-svetski-dan-kreativnosti-i-inovacija","status":"publish","type":"post","link":"https:\/\/radiokfor.com\/2\/danas-je-svetski-dan-kreativnosti-i-inovacija\/","title":{"rendered":"Danas je Svetski dan kreativnosti i inovacija"},"content":{"rendered":"<p>Svetski dan kreativnosti i inovacija obele\u017eava se svake godine 21. aprila, sa ciljem da se podstakne razmi\u0161ljanje \u201eizvan okvira\u201c i promovi\u0161u nove ideje koje mogu doprineti napretku dru\u0161tva. Ovaj dan je prvi put ustanovljen 2001. godine u Kanadi, a od 2017. godine priznat je i od strane Ujedinjenih nacija.<\/p>\n<p>Kreativnost i inovacije pokre\u0107u svet \u2013 od nauke i tehnologije, preko umetnosti i obrazovanja, do svakodnevnog re\u0161avanja problema. Obele\u017eavanjem ovog dana, podse\u0107amo koliko je va\u017eno negovati radoznalost, ma\u0161tu i spremnost na promene. U eri brzih promena i izazova, kao \u0161to su klimatske promene, digitalna transformacija i globalna nejednakost, potreba za kreativnim re\u0161enjima nikada nije bila ve\u0107a.<\/p>\n<p>Svetski dan kreativnosti i inovacija nas poziva da budemo hrabri u svojim idejama koje mogu doneti pozitivne promene u svetu.<\/p>\n","protected":false},"excerpt":{"rendered":"<p>Svetski dan kreativnosti i inovacija obele\u017eava se svake godine 21. aprila, sa ciljem da se podstakne razmi\u0161ljanje \u201eizvan okvira\u201c i promovi\u0161u nove ideje koje mogu doprineti napretku dru\u0161tva. Ovaj dan je prvi put ustanovljen 2001. godine u Kanadi, a od 2017. godine priznat je i od strane Ujedinjenih nacija. Kreativnost i inovacije pokre\u0107u svet \u2013&hellip;<\/p>\n","protected":false},"author":2,"featured_media":27253,"comment_status":"closed","ping_status":"closed","sticky":false,"template":"","format":"standard","meta":{"footnotes":""},"categories":[2],"tags":[],"class_list":["post-27252","post","type-post","status-publish","format-standard","has-post-thumbnail","hentry","category-news","category-2","description-off"],"_links":{"self":[{"href":"https:\/\/radiokfor.com\/2\/wp-json\/wp\/v2\/posts\/27252","targetHints":{"allow":["GET"]}}],"collection":[{"href":"https:\/\/radiokfor.com\/2\/wp-json\/wp\/v2\/posts"}],"about":[{"href":"https:\/\/radiokfor.com\/2\/wp-json\/wp\/v2\/types\/post"}],"author":[{"embeddable":true,"href":"https:\/\/radiokfor.com\/2\/wp-json\/wp\/v2\/users\/2"}],"replies":[{"embeddable":true,"href":"https:\/\/radiokfor.com\/2\/wp-json\/wp\/v2\/comments?post=27252"}],"version-history":[{"count":1,"href":"https:\/\/radiokfor.com\/2\/wp-json\/wp\/v2\/posts\/27252\/revisions"}],"predecessor-version":[{"id":27254,"href":"https:\/\/radiokfor.com\/2\/wp-json\/wp\/v2\/posts\/27252\/revisions\/27254"}],"wp:featuredmedia":[{"embeddable":true,"href":"https:\/\/radiokfor.com\/2\/wp-json\/wp\/v2\/media\/27253"}],"wp:attachment":[{"href":"https:\/\/radiokfor.com\/2\/wp-json\/wp\/v2\/media?parent=27252"}],"wp:term":[{"taxonomy":"category","embeddable":true,"href":"https:\/\/radiokfor.com\/2\/wp-json\/wp\/v2\/categories?post=27252"},{"taxonomy":"post_tag","embeddable":true,"href":"https:\/\/radiokfor.com\/2\/wp-json\/wp\/v2\/tags?post=27252"}],"curies":[{"name":"wp","href":"https:\/\/api.w.org\/{rel}","templated":true}]}}