{"id":27242,"date":"2025-04-20T06:54:08","date_gmt":"2025-04-20T04:54:08","guid":{"rendered":"https:\/\/radiokfor.com\/2\/?p=27242"},"modified":"2025-04-20T06:54:08","modified_gmt":"2025-04-20T04:54:08","slug":"eu-zabranjuje-koriscenje-ugljenicnih-vlakana-do-2029","status":"publish","type":"post","link":"https:\/\/radiokfor.com\/2\/eu-zabranjuje-koriscenje-ugljenicnih-vlakana-do-2029\/","title":{"rendered":"EU zabranjuje kori\u0161\u0107enje ugljeni\u010dnih vlakana do 2029?"},"content":{"rendered":"<p>Evropska unija planira da proglasi ugljeni\u010dna (karbonska) vlakna \u201eopasnim materijalom\u201c i da ih zabrani do 2029. godine, \u0161to bi moglo ozbiljno da uti\u010de na auto-industriju, naro\u010dito na proizvo\u0111a\u010de sportskih i elektri\u010dnih vozila.<\/p>\n<p>Karbonska vlakna se koriste zbog svoje male te\u017eine i velike \u010dvrsto\u0107e, a posebno su cenjena u izradi sportskih automobila i EV modela zbog u\u0161tede u te\u017eini i izdr\u017eljivosti. Ova inicijativa dolazi kroz izmenu Direktive o vozilima na kraju \u017eivotnog veka, kojom se reguli\u0161e recikla\u017ea vozila u EU. Prema mi\u0161ljenju regulatora, vlakna mogu postati \u0161tetna po zdravlje ako dospeju u vazduh i do\u0111u u kontakt sa ko\u017eom. Ukoliko se predlog usvoji, od 2029. godine postepeno \u0107e se smanjivati kori\u0161\u0107enje ugljeni\u010dnih vlakana u proizvodnji.<\/p>\n<p>Proizvo\u0111a\u010di superautomobila bi bili najte\u017ee pogo\u0111eni, ali i proizvo\u0111a\u010di elektri\u010dnih vozila poput BMW-a, Hyundaija, Lucida i Tesle. Tako\u0111e, ovaj materijal se koristi i u avioindrustriji, pa se o\u010dekuje sna\u017ean otpor ove dve industrijske grane ovom zakonu.<\/p>\n","protected":false},"excerpt":{"rendered":"<p>Evropska unija planira da proglasi ugljeni\u010dna (karbonska) vlakna \u201eopasnim materijalom\u201c i da ih zabrani do 2029. godine, \u0161to bi moglo ozbiljno da uti\u010de na auto-industriju, naro\u010dito na proizvo\u0111a\u010de sportskih i elektri\u010dnih vozila. Karbonska vlakna se koriste zbog svoje male te\u017eine i velike \u010dvrsto\u0107e, a posebno su cenjena u izradi sportskih automobila i EV modela zbog&hellip;<\/p>\n","protected":false},"author":2,"featured_media":27243,"comment_status":"closed","ping_status":"closed","sticky":false,"template":"","format":"standard","meta":{"footnotes":""},"categories":[2],"tags":[],"class_list":["post-27242","post","type-post","status-publish","format-standard","has-post-thumbnail","hentry","category-news","category-2","description-off"],"_links":{"self":[{"href":"https:\/\/radiokfor.com\/2\/wp-json\/wp\/v2\/posts\/27242","targetHints":{"allow":["GET"]}}],"collection":[{"href":"https:\/\/radiokfor.com\/2\/wp-json\/wp\/v2\/posts"}],"about":[{"href":"https:\/\/radiokfor.com\/2\/wp-json\/wp\/v2\/types\/post"}],"author":[{"embeddable":true,"href":"https:\/\/radiokfor.com\/2\/wp-json\/wp\/v2\/users\/2"}],"replies":[{"embeddable":true,"href":"https:\/\/radiokfor.com\/2\/wp-json\/wp\/v2\/comments?post=27242"}],"version-history":[{"count":1,"href":"https:\/\/radiokfor.com\/2\/wp-json\/wp\/v2\/posts\/27242\/revisions"}],"predecessor-version":[{"id":27244,"href":"https:\/\/radiokfor.com\/2\/wp-json\/wp\/v2\/posts\/27242\/revisions\/27244"}],"wp:featuredmedia":[{"embeddable":true,"href":"https:\/\/radiokfor.com\/2\/wp-json\/wp\/v2\/media\/27243"}],"wp:attachment":[{"href":"https:\/\/radiokfor.com\/2\/wp-json\/wp\/v2\/media?parent=27242"}],"wp:term":[{"taxonomy":"category","embeddable":true,"href":"https:\/\/radiokfor.com\/2\/wp-json\/wp\/v2\/categories?post=27242"},{"taxonomy":"post_tag","embeddable":true,"href":"https:\/\/radiokfor.com\/2\/wp-json\/wp\/v2\/tags?post=27242"}],"curies":[{"name":"wp","href":"https:\/\/api.w.org\/{rel}","templated":true}]}}