{"id":27224,"date":"2025-04-19T07:00:44","date_gmt":"2025-04-19T05:00:44","guid":{"rendered":"https:\/\/radiokfor.com\/2\/?p=27224"},"modified":"2025-04-18T09:42:06","modified_gmt":"2025-04-18T07:42:06","slug":"dan-poezije-i-kreativnog-uma","status":"publish","type":"post","link":"https:\/\/radiokfor.com\/2\/dan-poezije-i-kreativnog-uma\/","title":{"rendered":"Dan poezije i kreativnog uma"},"content":{"rendered":"<p>Svake godine 19. aprila obele\u017eava se Dan poezije i kreativnog uma. Obele\u017eavanje ovog datuma ima za cilj da nas podseti koliko su poezija i kreativan stvarala\u010dki um bitni za \u010dove\u010danstvo.<\/p>\n<p>Znamo da su mnogi kreativni umovi svojim ume\u0107em i znanjem pomogli u oblikovanju ne samo na\u0161ih \u017eivota ve\u0107 i \u017eivota na\u0161ih predaka kroz istoriju.<\/p>\n<p>Bilo da se radi o stihovima, sonatama ili pesmama, poezija ima tu mo\u0107 da dopre do sva\u010dijeg srca pa i omek\u0161a ona najtvr\u0111a. Tako\u0111e je i primer koliko daleko ljudsko stvarala\u0161tvo, kreativnost i izra\u017eavanje mogu da dosegnu.<\/p>\n<p>Neka vas dan poezije i kreativnog uma inspiri\u0161e da zaronite u re\u010di, osetite njihovu dubinu i dopustite da kreativnost va\u0161eg uma procveta.<\/p>\n","protected":false},"excerpt":{"rendered":"<p>Svake godine 19. aprila obele\u017eava se Dan poezije i kreativnog uma. Obele\u017eavanje ovog datuma ima za cilj da nas podseti koliko su poezija i kreativan stvarala\u010dki um bitni za \u010dove\u010danstvo. Znamo da su mnogi kreativni umovi svojim ume\u0107em i znanjem pomogli u oblikovanju ne samo na\u0161ih \u017eivota ve\u0107 i \u017eivota na\u0161ih predaka kroz istoriju. Bilo&hellip;<\/p>\n","protected":false},"author":13,"featured_media":27225,"comment_status":"closed","ping_status":"closed","sticky":false,"template":"","format":"standard","meta":{"footnotes":""},"categories":[2],"tags":[],"class_list":["post-27224","post","type-post","status-publish","format-standard","has-post-thumbnail","hentry","category-news","category-2","description-off"],"_links":{"self":[{"href":"https:\/\/radiokfor.com\/2\/wp-json\/wp\/v2\/posts\/27224","targetHints":{"allow":["GET"]}}],"collection":[{"href":"https:\/\/radiokfor.com\/2\/wp-json\/wp\/v2\/posts"}],"about":[{"href":"https:\/\/radiokfor.com\/2\/wp-json\/wp\/v2\/types\/post"}],"author":[{"embeddable":true,"href":"https:\/\/radiokfor.com\/2\/wp-json\/wp\/v2\/users\/13"}],"replies":[{"embeddable":true,"href":"https:\/\/radiokfor.com\/2\/wp-json\/wp\/v2\/comments?post=27224"}],"version-history":[{"count":1,"href":"https:\/\/radiokfor.com\/2\/wp-json\/wp\/v2\/posts\/27224\/revisions"}],"predecessor-version":[{"id":27226,"href":"https:\/\/radiokfor.com\/2\/wp-json\/wp\/v2\/posts\/27224\/revisions\/27226"}],"wp:featuredmedia":[{"embeddable":true,"href":"https:\/\/radiokfor.com\/2\/wp-json\/wp\/v2\/media\/27225"}],"wp:attachment":[{"href":"https:\/\/radiokfor.com\/2\/wp-json\/wp\/v2\/media?parent=27224"}],"wp:term":[{"taxonomy":"category","embeddable":true,"href":"https:\/\/radiokfor.com\/2\/wp-json\/wp\/v2\/categories?post=27224"},{"taxonomy":"post_tag","embeddable":true,"href":"https:\/\/radiokfor.com\/2\/wp-json\/wp\/v2\/tags?post=27224"}],"curies":[{"name":"wp","href":"https:\/\/api.w.org\/{rel}","templated":true}]}}