{"id":27191,"date":"2025-04-18T00:42:15","date_gmt":"2025-04-17T22:42:15","guid":{"rendered":"https:\/\/radiokfor.com\/2\/?p=27191"},"modified":"2025-04-14T13:44:57","modified_gmt":"2025-04-14T11:44:57","slug":"medunarodni-dan-spomenika-i-lokaliteta-3","status":"publish","type":"post","link":"https:\/\/radiokfor.com\/2\/medunarodni-dan-spomenika-i-lokaliteta-3\/","title":{"rendered":"Me\u0111unarodni dan spomenika i lokaliteta"},"content":{"rendered":"<p>Me\u0111unarodni dan spomenika i lokaliteta obele\u017eava se svake godine 18. aprila, u organizaciji Me\u0111unarodnog saveta za spomenike i lokalitete. Ovaj dan ima za cilj da podigne svest o zna\u010daju o\u010duvanja kulturne ba\u0161tine \u0161irom sveta i da podstakne ljude da se aktivnije uklju\u010de u njenu za\u0161titu.<\/p>\n<p>Kulturna ba\u0161tina \u2013 spomenici, arheolo\u0161ka nalazi\u0161ta, istorijske gra\u0111evine, ali i nematerijalno nasle\u0111e \u2013 svedo\u010di o identitetu, istoriji i tradiciji jednog naroda. O\u010duvanje tih vrednosti klju\u010dno je za o\u010duvanje kolektivnog pam\u0107enja i me\u0111ukulturalnog razumevanja.<\/p>\n<p>Svake godine, ovaj dan ima odre\u0111enu temu, koja dodatno usmerava pa\u017enju na specifi\u010dne izazove i prilike u oblasti za\u0161tite nasle\u0111a. Povodom obele\u017eavanja, \u0161irom sveta organizuju se stru\u010dna predavanja, vo\u0111ene ture, izlo\u017ebe i radionice, kako bi se javnost edukovala i uklju\u010dila u o\u010duvanje lokalnih i globalnih kulturnih vrednosti.<\/p>\n","protected":false},"excerpt":{"rendered":"<p>Me\u0111unarodni dan spomenika i lokaliteta obele\u017eava se svake godine 18. aprila, u organizaciji Me\u0111unarodnog saveta za spomenike i lokalitete. Ovaj dan ima za cilj da podigne svest o zna\u010daju o\u010duvanja kulturne ba\u0161tine \u0161irom sveta i da podstakne ljude da se aktivnije uklju\u010de u njenu za\u0161titu. Kulturna ba\u0161tina \u2013 spomenici, arheolo\u0161ka nalazi\u0161ta, istorijske gra\u0111evine, ali i&hellip;<\/p>\n","protected":false},"author":2,"featured_media":27194,"comment_status":"closed","ping_status":"closed","sticky":false,"template":"","format":"standard","meta":{"footnotes":""},"categories":[2],"tags":[],"class_list":["post-27191","post","type-post","status-publish","format-standard","has-post-thumbnail","hentry","category-news","category-2","description-off"],"_links":{"self":[{"href":"https:\/\/radiokfor.com\/2\/wp-json\/wp\/v2\/posts\/27191","targetHints":{"allow":["GET"]}}],"collection":[{"href":"https:\/\/radiokfor.com\/2\/wp-json\/wp\/v2\/posts"}],"about":[{"href":"https:\/\/radiokfor.com\/2\/wp-json\/wp\/v2\/types\/post"}],"author":[{"embeddable":true,"href":"https:\/\/radiokfor.com\/2\/wp-json\/wp\/v2\/users\/2"}],"replies":[{"embeddable":true,"href":"https:\/\/radiokfor.com\/2\/wp-json\/wp\/v2\/comments?post=27191"}],"version-history":[{"count":1,"href":"https:\/\/radiokfor.com\/2\/wp-json\/wp\/v2\/posts\/27191\/revisions"}],"predecessor-version":[{"id":27193,"href":"https:\/\/radiokfor.com\/2\/wp-json\/wp\/v2\/posts\/27191\/revisions\/27193"}],"wp:featuredmedia":[{"embeddable":true,"href":"https:\/\/radiokfor.com\/2\/wp-json\/wp\/v2\/media\/27194"}],"wp:attachment":[{"href":"https:\/\/radiokfor.com\/2\/wp-json\/wp\/v2\/media?parent=27191"}],"wp:term":[{"taxonomy":"category","embeddable":true,"href":"https:\/\/radiokfor.com\/2\/wp-json\/wp\/v2\/categories?post=27191"},{"taxonomy":"post_tag","embeddable":true,"href":"https:\/\/radiokfor.com\/2\/wp-json\/wp\/v2\/tags?post=27191"}],"curies":[{"name":"wp","href":"https:\/\/api.w.org\/{rel}","templated":true}]}}