{"id":27150,"date":"2025-04-10T10:20:28","date_gmt":"2025-04-10T08:20:28","guid":{"rendered":"https:\/\/radiokfor.com\/2\/?p=27150"},"modified":"2025-04-10T10:20:28","modified_gmt":"2025-04-10T08:20:28","slug":"nedelja-svesti-o-parkinsonovoj-bolesti-2","status":"publish","type":"post","link":"https:\/\/radiokfor.com\/2\/nedelja-svesti-o-parkinsonovoj-bolesti-2\/","title":{"rendered":"Nedelja svesti o Parkinsonovoj bolesti"},"content":{"rendered":"<p>Nedelja svesti o Parkinsonovoj bolesti obele\u017eava se svake godine u aprilu, s ciljem podizanja svesti o ovom progresivnom neurolo\u0161kom poreme\u0107aju koji poga\u0111a milione ljudi \u0161irom sveta. Parkinsonova bolest naj\u010de\u0161\u0107e se javlja kod starijih osoba, ali mo\u017ee pogoditi i mla\u0111e ljude. Glavni simptomi uklju\u010duju tremor, usporene pokrete, uko\u010denost mi\u0161i\u0107a i probleme s ravnote\u017eom, ali bolest mo\u017ee uticati i na raspolo\u017eenje, govor, san i svakodnevne aktivnosti.<\/p>\n<p>Ova nedelja je prilika da se informi\u0161emo, pru\u017eimo podr\u0161ku obolelima i njihovim porodicama, ali i da skrenemo pa\u017enju na va\u017enost ranog otkrivanja i napretka u le\u010denju. Iako jo\u0161 ne postoji lek za Parkinsonovu bolest, postoje terapije koje mogu znatno pobolj\u0161ati kvalitet \u017eivota pacijenata.<\/p>\n<p>Kroz razli\u010dite doga\u0111aje, kampanje i medijske sadr\u017eaje tokom Nedelje svesti, podsti\u010de se empatija, razumevanje i uklju\u010divanje zajednice u borbu protiv ove bolesti. \u00a0Edukacija i podr\u0161ka od su\u0161tinskog su zna\u010daja u ovoj borbi, a svaki glas koji govori o Parkinsonovoj bolesti poma\u017ee u \u0161irenju nade i znanja.<\/p>\n","protected":false},"excerpt":{"rendered":"<p>Nedelja svesti o Parkinsonovoj bolesti obele\u017eava se svake godine u aprilu, s ciljem podizanja svesti o ovom progresivnom neurolo\u0161kom poreme\u0107aju koji poga\u0111a milione ljudi \u0161irom sveta. Parkinsonova bolest naj\u010de\u0161\u0107e se javlja kod starijih osoba, ali mo\u017ee pogoditi i mla\u0111e ljude. Glavni simptomi uklju\u010duju tremor, usporene pokrete, uko\u010denost mi\u0161i\u0107a i probleme s ravnote\u017eom, ali bolest mo\u017ee&hellip;<\/p>\n","protected":false},"author":2,"featured_media":20374,"comment_status":"closed","ping_status":"closed","sticky":false,"template":"","format":"standard","meta":{"footnotes":""},"categories":[2],"tags":[],"class_list":["post-27150","post","type-post","status-publish","format-standard","has-post-thumbnail","hentry","category-news","category-2","description-off"],"_links":{"self":[{"href":"https:\/\/radiokfor.com\/2\/wp-json\/wp\/v2\/posts\/27150","targetHints":{"allow":["GET"]}}],"collection":[{"href":"https:\/\/radiokfor.com\/2\/wp-json\/wp\/v2\/posts"}],"about":[{"href":"https:\/\/radiokfor.com\/2\/wp-json\/wp\/v2\/types\/post"}],"author":[{"embeddable":true,"href":"https:\/\/radiokfor.com\/2\/wp-json\/wp\/v2\/users\/2"}],"replies":[{"embeddable":true,"href":"https:\/\/radiokfor.com\/2\/wp-json\/wp\/v2\/comments?post=27150"}],"version-history":[{"count":2,"href":"https:\/\/radiokfor.com\/2\/wp-json\/wp\/v2\/posts\/27150\/revisions"}],"predecessor-version":[{"id":27157,"href":"https:\/\/radiokfor.com\/2\/wp-json\/wp\/v2\/posts\/27150\/revisions\/27157"}],"wp:featuredmedia":[{"embeddable":true,"href":"https:\/\/radiokfor.com\/2\/wp-json\/wp\/v2\/media\/20374"}],"wp:attachment":[{"href":"https:\/\/radiokfor.com\/2\/wp-json\/wp\/v2\/media?parent=27150"}],"wp:term":[{"taxonomy":"category","embeddable":true,"href":"https:\/\/radiokfor.com\/2\/wp-json\/wp\/v2\/categories?post=27150"},{"taxonomy":"post_tag","embeddable":true,"href":"https:\/\/radiokfor.com\/2\/wp-json\/wp\/v2\/tags?post=27150"}],"curies":[{"name":"wp","href":"https:\/\/api.w.org\/{rel}","templated":true}]}}