{"id":27134,"date":"2025-04-08T10:34:48","date_gmt":"2025-04-08T08:34:48","guid":{"rendered":"https:\/\/radiokfor.com\/2\/?p=27134"},"modified":"2025-04-08T10:34:48","modified_gmt":"2025-04-08T08:34:48","slug":"danas-je-svetski-dan-roma","status":"publish","type":"post","link":"https:\/\/radiokfor.com\/2\/danas-je-svetski-dan-roma\/","title":{"rendered":"Danas je Svetski dan Roma"},"content":{"rendered":"<p>Svetski dan Roma obele\u017eava se svake godine 8. aprila, u znak se\u0107anja na Prvi svetski kongres Roma, odr\u017ean u Londonu 1971. godine. Na tom kongresu usvojeni su klju\u010dni simboli romskog identiteta \u2013 zastava (plavo-zelena sa to\u010dkom u sredini) i himna \u201e\u0110elem, \u0111elem\u201c. Ovaj dan je prilika da se skrene pa\u017enja na kulturu, tradiciju i istoriju Roma, ali i na izazove sa kojima se ova zajednica suo\u010dava.<\/p>\n<p>Romi su jedna od najve\u0107ih etni\u010dkih manjina u Evropi, ali i jedna od najdiskriminisanijih. Mnogi i dalje \u017eive u te\u0161kim socijalno-ekonomskim uslovima, suo\u010deni sa siroma\u0161tvom, nejednakim pristupom obrazovanju, zdravstvu i zapo\u0161ljavanju. Svetski dan Roma podse\u0107a dru\u0161tvo na va\u017enost inkluzije, tolerancije i jednakih prava za sve gra\u0111ane. Obele\u017eavanje ovog dana uklju\u010duje razli\u010dite kulturne manifestacije, izlo\u017ebe, koncerte i javne diskusije koje slave bogatstvo romske ba\u0161tine.<\/p>\n<p>Ujedinjeni napori dr\u017eava, institucija i civilnog dru\u0161tva mogu doprineti boljoj integraciji Roma i razbijanju predrasuda koje ih prate. Romska kultura je sastavni deo evropske i svetske kulturne ba\u0161tine, i ovaj dan nas poziva da je po\u0161tujemo i negujemo.<\/p>\n","protected":false},"excerpt":{"rendered":"<p>Svetski dan Roma obele\u017eava se svake godine 8. aprila, u znak se\u0107anja na Prvi svetski kongres Roma, odr\u017ean u Londonu 1971. godine. Na tom kongresu usvojeni su klju\u010dni simboli romskog identiteta \u2013 zastava (plavo-zelena sa to\u010dkom u sredini) i himna \u201e\u0110elem, \u0111elem\u201c. Ovaj dan je prilika da se skrene pa\u017enja na kulturu, tradiciju i istoriju&hellip;<\/p>\n","protected":false},"author":2,"featured_media":27135,"comment_status":"closed","ping_status":"closed","sticky":false,"template":"","format":"standard","meta":{"footnotes":""},"categories":[2],"tags":[],"class_list":["post-27134","post","type-post","status-publish","format-standard","has-post-thumbnail","hentry","category-news","category-2","description-off"],"_links":{"self":[{"href":"https:\/\/radiokfor.com\/2\/wp-json\/wp\/v2\/posts\/27134","targetHints":{"allow":["GET"]}}],"collection":[{"href":"https:\/\/radiokfor.com\/2\/wp-json\/wp\/v2\/posts"}],"about":[{"href":"https:\/\/radiokfor.com\/2\/wp-json\/wp\/v2\/types\/post"}],"author":[{"embeddable":true,"href":"https:\/\/radiokfor.com\/2\/wp-json\/wp\/v2\/users\/2"}],"replies":[{"embeddable":true,"href":"https:\/\/radiokfor.com\/2\/wp-json\/wp\/v2\/comments?post=27134"}],"version-history":[{"count":2,"href":"https:\/\/radiokfor.com\/2\/wp-json\/wp\/v2\/posts\/27134\/revisions"}],"predecessor-version":[{"id":27137,"href":"https:\/\/radiokfor.com\/2\/wp-json\/wp\/v2\/posts\/27134\/revisions\/27137"}],"wp:featuredmedia":[{"embeddable":true,"href":"https:\/\/radiokfor.com\/2\/wp-json\/wp\/v2\/media\/27135"}],"wp:attachment":[{"href":"https:\/\/radiokfor.com\/2\/wp-json\/wp\/v2\/media?parent=27134"}],"wp:term":[{"taxonomy":"category","embeddable":true,"href":"https:\/\/radiokfor.com\/2\/wp-json\/wp\/v2\/categories?post=27134"},{"taxonomy":"post_tag","embeddable":true,"href":"https:\/\/radiokfor.com\/2\/wp-json\/wp\/v2\/tags?post=27134"}],"curies":[{"name":"wp","href":"https:\/\/api.w.org\/{rel}","templated":true}]}}