{"id":2705,"date":"2019-01-17T08:33:47","date_gmt":"2019-01-17T08:33:47","guid":{"rendered":"http:\/\/radiokfor.com\/2\/?p=2705"},"modified":"2019-01-17T08:33:47","modified_gmt":"2019-01-17T08:33:47","slug":"dramska-predstava-za-malisane-pu-danica-jaramaz","status":"publish","type":"post","link":"https:\/\/radiokfor.com\/2\/dramska-predstava-za-malisane-pu-danica-jaramaz\/","title":{"rendered":"Dramska predstava za mali\u0161ane PU &#8220;Danica Jaramaz&#8221;"},"content":{"rendered":"<p>Studenti U\u010diteljskog fakulteta Prizren sa sedi\u0161tem u Leposavi\u0107u izveli su dramsku predstavu mali\u0161anima pred\u0161kolaske ustanove \u201eDanica Jaramaz\u201c u Severnoj Mitrovici.<\/p>\n<p>Profesor pedagogije na U\u010diteljskom fakultetu u Leposavi\u0107u isti\u010de da iako su novogodi\u0161nji i bo\u017ei\u0107ni praznici za nama, jedan od razloga posete vrti\u0107u u Severnoj Mitrovici je dru\u017eenje sa mali\u0161anima, kako bi jedni drugima ulep\u0161ali po\u010detak 2019. godine, a dokaz da su u tome uspeli su de\u010diji osmesi i gromoglasni aplauzi tokom i nakon predstave.<\/p>\n","protected":false},"excerpt":{"rendered":"<p>Studenti U\u010diteljskog fakulteta Prizren sa sedi\u0161tem u Leposavi\u0107u izveli su dramsku predstavu mali\u0161anima pred\u0161kolaske ustanove \u201eDanica Jaramaz\u201c u Severnoj Mitrovici. Profesor pedagogije na U\u010diteljskom fakultetu u Leposavi\u0107u isti\u010de da iako su novogodi\u0161nji i bo\u017ei\u0107ni praznici za nama, jedan od razloga posete vrti\u0107u u Severnoj Mitrovici je dru\u017eenje sa mali\u0161anima, kako bi jedni drugima ulep\u0161ali po\u010detak&hellip;<\/p>\n","protected":false},"author":2,"featured_media":2707,"comment_status":"open","ping_status":"open","sticky":false,"template":"","format":"standard","meta":{"footnotes":""},"categories":[2],"tags":[58,966,20,967],"class_list":["post-2705","post","type-post","status-publish","format-standard","has-post-thumbnail","hentry","category-news","tag-leposavic","tag-predskolaska-ustanova-danica-jaramaz","tag-severna-mitrovica","tag-uciteljski-fakultet-prizren","category-2","description-off"],"_links":{"self":[{"href":"https:\/\/radiokfor.com\/2\/wp-json\/wp\/v2\/posts\/2705","targetHints":{"allow":["GET"]}}],"collection":[{"href":"https:\/\/radiokfor.com\/2\/wp-json\/wp\/v2\/posts"}],"about":[{"href":"https:\/\/radiokfor.com\/2\/wp-json\/wp\/v2\/types\/post"}],"author":[{"embeddable":true,"href":"https:\/\/radiokfor.com\/2\/wp-json\/wp\/v2\/users\/2"}],"replies":[{"embeddable":true,"href":"https:\/\/radiokfor.com\/2\/wp-json\/wp\/v2\/comments?post=2705"}],"version-history":[{"count":1,"href":"https:\/\/radiokfor.com\/2\/wp-json\/wp\/v2\/posts\/2705\/revisions"}],"predecessor-version":[{"id":2708,"href":"https:\/\/radiokfor.com\/2\/wp-json\/wp\/v2\/posts\/2705\/revisions\/2708"}],"wp:featuredmedia":[{"embeddable":true,"href":"https:\/\/radiokfor.com\/2\/wp-json\/wp\/v2\/media\/2707"}],"wp:attachment":[{"href":"https:\/\/radiokfor.com\/2\/wp-json\/wp\/v2\/media?parent=2705"}],"wp:term":[{"taxonomy":"category","embeddable":true,"href":"https:\/\/radiokfor.com\/2\/wp-json\/wp\/v2\/categories?post=2705"},{"taxonomy":"post_tag","embeddable":true,"href":"https:\/\/radiokfor.com\/2\/wp-json\/wp\/v2\/tags?post=2705"}],"curies":[{"name":"wp","href":"https:\/\/api.w.org\/{rel}","templated":true}]}}